{"id":1693,"date":"2022-09-15T13:30:28","date_gmt":"2022-09-15T11:30:28","guid":{"rendered":"https:\/\/www.garten-bronder-shop.com\/ratgeber\/?p=1693"},"modified":"2022-08-30T10:44:48","modified_gmt":"2022-08-30T08:44:48","slug":"gartenarbeit-im-herbst-checkliste-fuer-die-neue-saison","status":"publish","type":"post","link":"https:\/\/www.garten-bronder-shop.com\/ratgeber\/gartenarbeit-im-herbst-checkliste-fuer-die-neue-saison\/","title":{"rendered":"Gartenarbeit im Herbst: Checkliste f\u00fcr die neue Saison"},"content":{"rendered":"\t\t<div data-elementor-type=\"wp-post\" data-elementor-id=\"1693\" class=\"elementor elementor-1693\">\n\t\t\t\t\t\t\t\t\t<section class=\"elementor-section elementor-top-section elementor-element elementor-element-233c712e elementor-section-boxed elementor-section-height-default elementor-section-height-default\" data-id=\"233c712e\" data-element_type=\"section\">\n\t\t\t\t\t\t<div class=\"elementor-container elementor-column-gap-default\">\n\t\t\t\t\t<div class=\"elementor-column elementor-col-100 elementor-top-column elementor-element elementor-element-4d2bbbf6\" data-id=\"4d2bbbf6\" data-element_type=\"column\" id=\"db_blogpost_header\">\n\t\t\t<div class=\"elementor-widget-wrap elementor-element-populated\">\n\t\t\t\t\t\t\t\t<div class=\"elementor-element elementor-element-182020fc elementor-widget elementor-widget-heading\" data-id=\"182020fc\" data-element_type=\"widget\" data-widget_type=\"heading.default\">\n\t\t\t\t<div class=\"elementor-widget-container\">\n\t\t\t<h1 class=\"elementor-heading-title elementor-size-default\">Gartenarbeit im Herbst: Checkliste f\u00fcr die neue Saison<\/h1>\t\t<\/div>\n\t\t\t\t<\/div>\n\t\t\t\t<div class=\"elementor-element elementor-element-1dcc6451 elementor-widget elementor-widget-image\" data-id=\"1dcc6451\" data-element_type=\"widget\" data-widget_type=\"image.default\">\n\t\t\t\t<div class=\"elementor-widget-container\">\n\t\t\t\t\t\t\t\t\t\t\t\t\t\t\t<img loading=\"lazy\" decoding=\"async\" width=\"1120\" height=\"400\" src=\"https:\/\/www.garten-bronder-shop.com\/ratgeber\/wp-content\/uploads\/2022\/09\/shutterstock_600294845_monkey_business_images.png\" class=\"attachment-full size-full wp-image-1728\" alt=\"Kinder helfen Eltern, Herbstbl\u00e4tter im Garten zu sammeln\" srcset=\"https:\/\/www.garten-bronder-shop.com\/ratgeber\/wp-content\/uploads\/2022\/09\/shutterstock_600294845_monkey_business_images.png 1120w, https:\/\/www.garten-bronder-shop.com\/ratgeber\/wp-content\/uploads\/2022\/09\/shutterstock_600294845_monkey_business_images-300x107.png 300w, https:\/\/www.garten-bronder-shop.com\/ratgeber\/wp-content\/uploads\/2022\/09\/shutterstock_600294845_monkey_business_images-1024x366.png 1024w, https:\/\/www.garten-bronder-shop.com\/ratgeber\/wp-content\/uploads\/2022\/09\/shutterstock_600294845_monkey_business_images-768x274.png 768w\" sizes=\"auto, (max-width: 1120px) 100vw, 1120px\" title=\"\u00a9 Monkes Business\/Shutterstock.com\" \/>\t\t\t\t\t\t\t\t\t\t\t\t\t\t\t<\/div>\n\t\t\t\t<\/div>\n\t\t\t\t\t<\/div>\n\t\t<\/div>\n\t\t\t\t\t\t\t<\/div>\n\t\t<\/section>\n\t\t\t\t<section class=\"elementor-section elementor-top-section elementor-element elementor-element-5e6ccbe5 elementor-section-boxed elementor-section-height-default elementor-section-height-default\" data-id=\"5e6ccbe5\" data-element_type=\"section\">\n\t\t\t\t\t\t<div class=\"elementor-container elementor-column-gap-default\">\n\t\t\t\t\t<div class=\"elementor-column elementor-col-66 elementor-top-column elementor-element elementor-element-6f175fd2\" data-id=\"6f175fd2\" data-element_type=\"column\">\n\t\t\t<div class=\"elementor-widget-wrap elementor-element-populated\">\n\t\t\t\t\t\t\t\t<div class=\"elementor-element elementor-element-5a146caa elementor-widget elementor-widget-text-editor\" data-id=\"5a146caa\" data-element_type=\"widget\" data-widget_type=\"text-editor.default\">\n\t\t\t\t<div class=\"elementor-widget-container\">\n\t\t\t\t\t\t\t<p><span style=\"font-weight: 400;\">Im Herbst, wenn die Bl\u00e4tter langsam von den B\u00e4umen fallen und die N\u00e4chte k\u00fchler werden, gibt es im Garten allerhand zu tun. Rasen, Hecken, B\u00fcsche und Pflanzen ben\u00f6tigen jetzt ganz besondere Pflege, um im Fr\u00fchjahr wieder in voller Bl\u00fcte und in voller Pracht zu erfreuen. In unserem Ratgeber erl\u00e4utern wir, welche Arbeiten im Herbst und vor dem ersten Frost wichtig sind.\u00a0<\/span><\/p>\t\t\t\t\t\t<\/div>\n\t\t\t\t<\/div>\n\t\t\t\t<div class=\"elementor-element elementor-element-20feaabc elementor-widget elementor-widget-heading\" data-id=\"20feaabc\" data-element_type=\"widget\" data-widget_type=\"heading.default\">\n\t\t\t\t<div class=\"elementor-widget-container\">\n\t\t\t<h2 class=\"elementor-heading-title elementor-size-default\">Eine Checkliste \u2013 diese Arbeiten fallen im Herbst an\n<\/h2>\t\t<\/div>\n\t\t\t\t<\/div>\n\t\t\t\t<div class=\"elementor-element elementor-element-4485bc50 elementor-widget elementor-widget-text-editor\" data-id=\"4485bc50\" data-element_type=\"widget\" data-widget_type=\"text-editor.default\">\n\t\t\t\t<div class=\"elementor-widget-container\">\n\t\t\t\t\t\t\t<p><span style=\"font-weight: 400;\">Der Garten muss f\u00fcr den Winterschlaf vorbereitet werden und da fallen so einige Arbeiten an. W\u00e4hrend der Rasen nochmals gem\u00e4ht werden sollte, ben\u00f6tigen K\u00fcbelpflanzen besondere Aufmerksamkeit, damit sie den Winter ohne Frostsch\u00e4den \u00fcberleben. Sollten Sie einen Teich mit Fischen Ihr Eigen nennen, sollte auch dieser entsprechend f\u00fcr die \u00dcberwinterung vorbereitet werden. Des Weiteren fallen im Herbst die folgenden Arbeiten an:\u00a0<\/span><\/p>\t\t\t\t\t\t<\/div>\n\t\t\t\t<\/div>\n\t\t\t\t\t<\/div>\n\t\t<\/div>\n\t\t\t\t<div class=\"elementor-column elementor-col-33 elementor-top-column elementor-element elementor-element-4cadd70a\" data-id=\"4cadd70a\" data-element_type=\"column\">\n\t\t\t<div class=\"elementor-widget-wrap elementor-element-populated\">\n\t\t\t\t\t\t\t\t<div class=\"elementor-element elementor-element-1741dbba elementor-widget elementor-widget-table-of-contents\" data-id=\"1741dbba\" data-element_type=\"widget\" data-settings=\"{&quot;headings_by_tags&quot;:[&quot;h2&quot;,&quot;h3&quot;],&quot;exclude_headings_by_selector&quot;:[],&quot;min_height&quot;:{&quot;unit&quot;:&quot;px&quot;,&quot;size&quot;:0,&quot;sizes&quot;:[]},&quot;marker_view&quot;:&quot;numbers&quot;,&quot;hierarchical_view&quot;:&quot;yes&quot;,&quot;min_height_tablet&quot;:{&quot;unit&quot;:&quot;px&quot;,&quot;size&quot;:&quot;&quot;,&quot;sizes&quot;:[]},&quot;min_height_mobile&quot;:{&quot;unit&quot;:&quot;px&quot;,&quot;size&quot;:&quot;&quot;,&quot;sizes&quot;:[]}}\" data-widget_type=\"table-of-contents.default\">\n\t\t\t\t<div class=\"elementor-widget-container\">\n\t\t\t\t\t<div class=\"elementor-toc__header\">\n\t\t\t<div class=\"elementor-toc__header-title\">\n\t\t\t\tInhalt des Artikels\t\t\t<\/div>\n\t\t\t\t\t<\/div>\n\t\t<div class=\"elementor-toc__body\">\n\t\t\t<div class=\"elementor-toc__spinner-container\">\n\t\t\t\t<i class=\"elementor-toc__spinner eicon-animation-spin eicon-loading\" aria-hidden=\"true\"><\/i>\t\t\t<\/div>\n\t\t<\/div>\n\t\t\t\t<\/div>\n\t\t\t\t<\/div>\n\t\t\t\t\t<\/div>\n\t\t<\/div>\n\t\t\t\t\t\t\t<\/div>\n\t\t<\/section>\n\t\t\t\t<section class=\"elementor-section elementor-top-section elementor-element elementor-element-2592505b elementor-section-stretched elementor-section-boxed elementor-section-height-default elementor-section-height-default\" data-id=\"2592505b\" data-element_type=\"section\" data-settings=\"{&quot;stretch_section&quot;:&quot;section-stretched&quot;}\">\n\t\t\t\t\t\t<div class=\"elementor-container elementor-column-gap-wide\">\n\t\t\t\t\t<div class=\"elementor-column elementor-col-100 elementor-top-column elementor-element elementor-element-311d86ce\" data-id=\"311d86ce\" data-element_type=\"column\">\n\t\t\t<div class=\"elementor-widget-wrap elementor-element-populated\">\n\t\t\t\t\t\t\t\t<div class=\"elementor-element elementor-element-04ee704 elementor-widget elementor-widget-heading\" data-id=\"04ee704\" data-element_type=\"widget\" data-widget_type=\"heading.default\">\n\t\t\t\t<div class=\"elementor-widget-container\">\n\t\t\t<h3 class=\"elementor-heading-title elementor-size-default\">Laub wegfegen\n<\/h3>\t\t<\/div>\n\t\t\t\t<\/div>\n\t\t\t\t<div class=\"elementor-element elementor-element-1738724a elementor-widget elementor-widget-text-editor\" data-id=\"1738724a\" data-element_type=\"widget\" data-widget_type=\"text-editor.default\">\n\t\t\t\t<div class=\"elementor-widget-container\">\n\t\t\t\t\t\t\t<p><span style=\"font-weight: 400;\">Die B\u00e4ume, deren Laub sich gerade in den sch\u00f6nsten Farben eingef\u00e4rbt haben, verlieren ihre Bl\u00e4tter. Es bleibt nicht aus, dass das bunte Laub in den Garten und auf den Rasen f\u00e4llt. Klar ist: das Laub muss zusammengefegt werden. Sie sollten die Bl\u00e4tter nicht allzu lange im Garten und auf der Rasenfl\u00e4che liegen lassen, sondern regelm\u00e4\u00dfig fegen. Unser Tipp: rechen Sie nur trockenes Laub. Das nasse Laub wegzufegen, macht sehr viel M\u00fche, erfordert wesentlich mehr Kraft und verklebt zudem. Allerdings k\u00f6nnen Sie sich mithilfe von Laubbl\u00e4sern, Laubsaugern oder Laubh\u00e4ckslern die Arbeit erleichtern.\u00a0<\/span><\/p><p><span style=\"font-weight: 400;\">Doch wohin mit dem Laub, das von den B\u00e4umen f\u00e4llt? Sie k\u00f6nnen die Bl\u00e4tter in der Biotonne entsorgen oder, wenn Sie einen Kompost besitzen, kleinere Mengen von Bl\u00e4ttern schichtweise in den Kompost einbringen.<\/span><\/p><p><span style=\"font-weight: 400;\">Sie haben aber auch die M\u00f6glichkeit, das herabgefallene Laub als Winterquartier oder Nahrungsmittelversteck f\u00fcr die verschiedenen S\u00e4uge-, Krabbel- und Kriechtiere, die im Garten leben, nutzen. Schichten Sie das Laub in einem ruhigeren Gartenwinkel zu einem recht gro\u00dfen Haufen auf. Mit darauf gelegten Fichtenzweigen verhindern Sie, dass zu viel N\u00e4sse in den Laubhaufen eindringt beziehungsweise der Wind alles wegbl\u00e4st. <\/span><\/p>\t\t\t\t\t\t<\/div>\n\t\t\t\t<\/div>\n\t\t\t\t<div class=\"elementor-element elementor-element-1627b0d elementor-widget elementor-widget-heading\" data-id=\"1627b0d\" data-element_type=\"widget\" data-widget_type=\"heading.default\">\n\t\t\t\t<div class=\"elementor-widget-container\">\n\t\t\t<h3 class=\"elementor-heading-title elementor-size-default\">Rasen m\u00e4hen und d\u00fcngen\n<\/h3>\t\t<\/div>\n\t\t\t\t<\/div>\n\t\t\t\t<div class=\"elementor-element elementor-element-7942d38a elementor-widget elementor-widget-text-editor\" data-id=\"7942d38a\" data-element_type=\"widget\" data-widget_type=\"text-editor.default\">\n\t\t\t\t<div class=\"elementor-widget-container\">\n\t\t\t\t\t\t\t<p><span style=\"font-weight: 400;\">W\u00e4hrend sich im Herbst das Wachstum der Pflanzen und des Rasens verlangsamt, kommt es im Winter zum Stillstand. Deshalb m\u00fcssen Sie den Rasen selten m\u00e4hen, bevor Sie ab November gar nicht mehr den Rasenm\u00e4her herausholen m\u00fcssen. Die optimale Schnitth\u00f6he betr\u00e4gt 4 Zentimeter. Damit das Gras im Fr\u00fchjahr direkt sprie\u00dfen kann, entfernen Sie das Laub von der Grasfl\u00e4che. Bevor es dann so langsam in Richtung Winterschlaf geht, sollten Sie den Rasen im September noch einmal vertikutieren, um den Rasenfilz zu entfernen. Auch D\u00fcngen ist noch einmal empfohlen: verwenden Sie allerdings einen kalibetonten D\u00fcnger, der kein Phosphor und Stickstoff enth\u00e4lt. Der ideale Zeitpunkt zur Herbstd\u00fcngung ist zwischen Oktober und Anfang November. Nach dem D\u00fcngen bew\u00e4ssern Sie den Rasen gut, damit die Wirkstoffe des Rasend\u00fcngers in den Boden eindringen k\u00f6nnen.\u00a0<\/span><\/p>\t\t\t\t\t\t<\/div>\n\t\t\t\t<\/div>\n\t\t\t\t<div class=\"elementor-element elementor-element-6db6124f elementor-widget elementor-widget-heading\" data-id=\"6db6124f\" data-element_type=\"widget\" data-widget_type=\"heading.default\">\n\t\t\t\t<div class=\"elementor-widget-container\">\n\t\t\t<h3 class=\"elementor-heading-title elementor-size-default\">Pflanzen r\u00fcckschneiden\n<\/h3>\t\t<\/div>\n\t\t\t\t<\/div>\n\t\t\t\t<div class=\"elementor-element elementor-element-609821bd elementor-widget elementor-widget-text-editor\" data-id=\"609821bd\" data-element_type=\"widget\" data-widget_type=\"text-editor.default\">\n\t\t\t\t<div class=\"elementor-widget-container\">\n\t\t\t\t\t\t\t<p><span style=\"font-weight: 400;\">Im Sommer sind die Pflanzen, B\u00fcsche, Hecken und B\u00e4ume gut gewachsen. Damit sie jedoch gut durch den Winter kommen, ist im Herbst ein R\u00fcckschnitt notwendig. Manche Str\u00e4ucher, wie Flieder oder Haselnuss, k\u00f6nnen sogar radikal zur\u00fcckgeschnitten werden. M\u00f6chten Sie B\u00e4ume auf Ihrem Grundst\u00fcck f\u00e4llen, ist der Herbst der richtige Zeitpunkt daf\u00fcr, denn: zwischen dem 1. M\u00e4rz und dem 30. September d\u00fcrfen keine B\u00e4ume gef\u00e4llt werden.\u00a0\u00a0<\/span><\/p>\t\t\t\t\t\t<\/div>\n\t\t\t\t<\/div>\n\t\t\t\t<div class=\"elementor-element elementor-element-b784ac9 elementor-widget elementor-widget-heading\" data-id=\"b784ac9\" data-element_type=\"widget\" data-widget_type=\"heading.default\">\n\t\t\t\t<div class=\"elementor-widget-container\">\n\t\t\t<h3 class=\"elementor-heading-title elementor-size-default\">K\u00e4lteempfindliche Pflanzen sch\u00fctzen\n<\/h3>\t\t<\/div>\n\t\t\t\t<\/div>\n\t\t\t\t<div class=\"elementor-element elementor-element-bf2f44e elementor-widget elementor-widget-text-editor\" data-id=\"bf2f44e\" data-element_type=\"widget\" data-widget_type=\"text-editor.default\">\n\t\t\t\t<div class=\"elementor-widget-container\">\n\t\t\t\t\t\t\t<p><span style=\"font-weight: 400;\">Im Herbst m\u00fcssen die k\u00e4lteempfindlichen Pflanzen f\u00fcr den Winter vorbereitet werden. Welkes Laub, um die Wurzeln geh\u00e4uft, bieten einen guten Schutz. Junge Obstb\u00e4ume und empfindliche Pflanzen m\u00fcssen allerdings noch zus\u00e4tzlich gesch\u00fctzt werden. Pflanzen wie Azaleen und Kamelien m\u00fcssen f\u00fcr den Winter warm eingepackt werden. Jutestoff, spezieller Plastikstoff und Kokosmatten eignen sich hierf\u00fcr sehr gut. Wichtig bei der Wahl des \u201eVerpackungsmaterials\u201c, dass es luftdurchl\u00e4ssig ist.\u00a0<\/span><\/p><p><span style=\"font-weight: 400;\">K\u00fcbelpflanzen sollten im Winter ins Haus, in den Keller oder Wintergarten oder in die Garage geholt werden. Achten Sie darauf, dass die Pflanzen Licht bekommen und gie\u00dfen Sie sie in regelm\u00e4\u00dfigen Abst\u00e4nden. Haben Sie keine M\u00f6glichkeit, die K\u00fcbelpflanzen hereinzuholen, m\u00fcssen sie gr\u00fcndlich eingepackt werden. Die Erde im Pflanzk\u00fcbel darf keinesfalls einfrieren! <\/span><\/p>\t\t\t\t\t\t<\/div>\n\t\t\t\t<\/div>\n\t\t\t\t<div class=\"elementor-element elementor-element-319671e4 elementor-widget elementor-widget-heading\" data-id=\"319671e4\" data-element_type=\"widget\" data-widget_type=\"heading.default\">\n\t\t\t\t<div class=\"elementor-widget-container\">\n\t\t\t<h3 class=\"elementor-heading-title elementor-size-default\">Wasserleitungen & Schl\u00e4uche vor K\u00e4lte sch\u00fctzen\n<\/h3>\t\t<\/div>\n\t\t\t\t<\/div>\n\t\t\t\t<div class=\"elementor-element elementor-element-23a615af elementor-widget elementor-widget-text-editor\" data-id=\"23a615af\" data-element_type=\"widget\" data-widget_type=\"text-editor.default\">\n\t\t\t\t<div class=\"elementor-widget-container\">\n\t\t\t\t\t\t\t<p><span style=\"font-weight: 400;\">Bevor der erste Frost einsetzt, sollten Sie Wasserleitungen und Schl\u00e4uche winterfest machen. Drehen Sie die Wasseranschl\u00fcsse ab und entleeren Sie die Regentonnen. Ansonsten besteht die Gefahr, dass das enthaltene Wasser vereist und dadurch die Wasserleitungen oder die Regentonne platzen. <\/span><\/p>\t\t\t\t\t\t<\/div>\n\t\t\t\t<\/div>\n\t\t\t\t<div class=\"elementor-element elementor-element-44e33cb elementor-widget elementor-widget-heading\" data-id=\"44e33cb\" data-element_type=\"widget\" data-widget_type=\"heading.default\">\n\t\t\t\t<div class=\"elementor-widget-container\">\n\t\t\t<h3 class=\"elementor-heading-title elementor-size-default\">Samen sammeln\n<\/h3>\t\t<\/div>\n\t\t\t\t<\/div>\n\t\t\t\t<div class=\"elementor-element elementor-element-f4c8559 elementor-widget elementor-widget-text-editor\" data-id=\"f4c8559\" data-element_type=\"widget\" data-widget_type=\"text-editor.default\">\n\t\t\t\t<div class=\"elementor-widget-container\">\n\t\t\t\t\t\t\t<p><span style=\"font-weight: 400;\">Zum Ende des Sommers verwelken viele Blumen und Pflanzen und setzen Samen an. M\u00f6chten Sie f\u00fcr das n\u00e4chste Jahr die Blumen, die in diesem Jahr so sch\u00f6n und pr\u00e4chtig gebl\u00fcht haben, nochmals, dann k\u00f6nnen Sie von vielen die Samen sammeln. Vor allem die Samen von Stockrosen, Akelei, Frauenmantel, Ziermohn, Zitronenmelisse und L\u00f6wenm\u00e4ulchen eignen sich hervorragend zum Weiters\u00e4en. Wichtig ist, dass Sie die Samen erst ernten, wenn sich die Kapseln oder Samenh\u00fcllen braun verf\u00e4rbt haben. Nur dann sind die Samen reif. Zudem sollten Sie sich einen trockenen Tag ausw\u00e4hlen, an dem Sie die Saat ernten, ansonsten k\u00f6nnten die Samen schimmeln.\u00a0<\/span><\/p><p><span style=\"font-weight: 400;\">Um die Samen zu erhalten, l\u00f6sen Sie die braune Samenkapsel ab und \u00f6ffnen sie. Die Samen sind sichtbar und lassen sich einfach heraussch\u00fctteln. Zum Trocknen legen Sie die Samen noch einige Tage an eine trockene Stelle. Ideal ist, wenn Sie die Samen auf Zeitungspapier legen, da so die Restfeucht von der Zeitung aufgesaugt wird.\u00a0<\/span><\/p><p><span style=\"font-weight: 400;\">Die gesammelten Samen bewahren Sie in entsprechenden Beh\u00e4ltnissen auf, perfekt sind Pappschachteln, da sie die Restfeuchtigkeit der Samen aufnehmen und die Saaten nicht schimmeln k\u00f6nnen. M\u00f6chten Sie die Samenk\u00f6rnchen in einem Glas aufbewahren, legen Sie am besten ein St\u00fcck Papier hinein. Bewahren Sie die Samen an einem dunklen Ort auf, denn dadurch bleiben sie keimf\u00e4hig. <\/span><\/p>\t\t\t\t\t\t<\/div>\n\t\t\t\t<\/div>\n\t\t\t\t<div class=\"elementor-element elementor-element-4964f2bb elementor-widget elementor-widget-post-info\" data-id=\"4964f2bb\" data-element_type=\"widget\" data-widget_type=\"post-info.default\">\n\t\t\t\t<div class=\"elementor-widget-container\">\n\t\t\t\t\t<ul class=\"elementor-inline-items elementor-icon-list-items elementor-post-info\">\n\t\t\t\t\t\t\t\t<li class=\"elementor-icon-list-item elementor-repeater-item-6da5e44 elementor-inline-item\" itemprop=\"author\">\n\t\t\t\t\t\t<a href=\"https:\/\/www.garten-bronder-shop.com\/ratgeber\/author\/datablue\/\">\n\t\t\t\t\t\t\t\t\t\t\t<span class=\"elementor-icon-list-icon\">\n\t\t\t\t\t\t\t\t<i aria-hidden=\"true\" class=\"fas fa-user\"><\/i>\t\t\t\t\t\t\t<\/span>\n\t\t\t\t\t\t\t\t\t<span class=\"elementor-icon-list-text elementor-post-info__item elementor-post-info__item--type-author\">\n\t\t\t\t\t\t\t\t\t\tGarten Bronder\t\t\t\t\t<\/span>\n\t\t\t\t\t\t\t\t\t<\/a>\n\t\t\t\t<\/li>\n\t\t\t\t<li class=\"elementor-icon-list-item elementor-repeater-item-cdb887c elementor-inline-item\" itemprop=\"datePublished\">\n\t\t\t\t\t\t<a href=\"https:\/\/www.garten-bronder-shop.com\/ratgeber\/2022\/09\/15\/\">\n\t\t\t\t\t\t\t\t\t\t\t<span class=\"elementor-icon-list-icon\">\n\t\t\t\t\t\t\t\t<i aria-hidden=\"true\" class=\"fas fa-calendar-alt\"><\/i>\t\t\t\t\t\t\t<\/span>\n\t\t\t\t\t\t\t\t\t<span class=\"elementor-icon-list-text elementor-post-info__item elementor-post-info__item--type-date\">\n\t\t\t\t\t\t\t\t\t\t15\/09\/2022\t\t\t\t\t<\/span>\n\t\t\t\t\t\t\t\t\t<\/a>\n\t\t\t\t<\/li>\n\t\t\t\t<\/ul>\n\t\t\t\t<\/div>\n\t\t\t\t<\/div>\n\t\t\t\t\t<\/div>\n\t\t<\/div>\n\t\t\t\t\t\t\t<\/div>\n\t\t<\/section>\n\t\t\t\t\t\t\t<\/div>\n\t\t","protected":false},"excerpt":{"rendered":"<p>Im Herbst, wenn die Bl\u00e4tter langsam von den B\u00e4umen fallen und die N\u00e4chte k\u00fchler werden, gibt es im Garten allerhand zu tun. Rasen, Hecken, B\u00fcsche und Pflanzen ben\u00f6tigen jetzt ganz besondere Pflege, um im Fr\u00fchjahr wieder in voller Bl\u00fcte und in voller Pracht zu erfreuen. In unserem Ratgeber erl\u00e4utern wir, welche Arbeiten im Herbst und [&hellip;]<\/p>\n","protected":false},"author":1,"featured_media":1728,"comment_status":"closed","ping_status":"open","sticky":false,"template":"","format":"standard","meta":{"footnotes":""},"categories":[15],"tags":[],"class_list":["post-1693","post","type-post","status-publish","format-standard","has-post-thumbnail","hentry","category-gartenpflege"],"yoast_head":"<!-- This site is optimized with the Yoast SEO plugin v19.14 - https:\/\/yoast.com\/wordpress\/plugins\/seo\/ -->\n<title>Gartenarbeit im Herbst: Checkliste f\u00fcr die neue Saison<\/title>\n<meta name=\"robots\" content=\"index, follow, max-snippet:-1, max-image-preview:large, max-video-preview:-1\" \/>\n<link rel=\"canonical\" href=\"https:\/\/www.garten-bronder-shop.com\/ratgeber\/gartenarbeit-im-herbst-checkliste-fuer-die-neue-saison\/\" \/>\n<meta property=\"og:locale\" content=\"de_DE\" \/>\n<meta property=\"og:type\" content=\"article\" \/>\n<meta property=\"og:title\" content=\"Gartenarbeit im Herbst: Checkliste f\u00fcr die neue Saison\" \/>\n<meta property=\"og:description\" content=\"Im Herbst, wenn die Bl\u00e4tter langsam von den B\u00e4umen fallen und die N\u00e4chte k\u00fchler werden, gibt es im Garten allerhand zu tun. Rasen, Hecken, B\u00fcsche und Pflanzen ben\u00f6tigen jetzt ganz besondere Pflege, um im Fr\u00fchjahr wieder in voller Bl\u00fcte und in voller Pracht zu erfreuen. In unserem Ratgeber erl\u00e4utern wir, welche Arbeiten im Herbst und [&hellip;]\" \/>\n<meta property=\"og:url\" content=\"https:\/\/www.garten-bronder-shop.com\/ratgeber\/gartenarbeit-im-herbst-checkliste-fuer-die-neue-saison\/\" \/>\n<meta property=\"og:site_name\" content=\"Garten Bronder Ratgeber\" \/>\n<meta property=\"article:published_time\" content=\"2022-09-15T11:30:28+00:00\" \/>\n<meta property=\"article:modified_time\" content=\"2022-08-30T08:44:48+00:00\" \/>\n<meta property=\"og:image\" content=\"https:\/\/www.garten-bronder-shop.com\/ratgeber\/wp-content\/uploads\/2022\/09\/shutterstock_600294845_monkey_business_images.png\" \/>\n\t<meta property=\"og:image:width\" content=\"1120\" \/>\n\t<meta property=\"og:image:height\" content=\"400\" \/>\n\t<meta property=\"og:image:type\" content=\"image\/png\" \/>\n<meta name=\"author\" content=\"Garten Bronder\" \/>\n<meta name=\"twitter:card\" content=\"summary_large_image\" \/>\n<meta name=\"twitter:label1\" content=\"Verfasst von\" \/>\n\t<meta name=\"twitter:data1\" content=\"Garten Bronder\" \/>\n\t<meta name=\"twitter:label2\" content=\"Gesch\u00e4tzte Lesezeit\" \/>\n\t<meta name=\"twitter:data2\" content=\"5\u00a0Minuten\" \/>\n<script type=\"application\/ld+json\" class=\"yoast-schema-graph\">{\"@context\":\"https:\/\/schema.org\",\"@graph\":[{\"@type\":\"Article\",\"@id\":\"https:\/\/www.garten-bronder-shop.com\/ratgeber\/gartenarbeit-im-herbst-checkliste-fuer-die-neue-saison\/#article\",\"isPartOf\":{\"@id\":\"https:\/\/www.garten-bronder-shop.com\/ratgeber\/gartenarbeit-im-herbst-checkliste-fuer-die-neue-saison\/\"},\"author\":{\"name\":\"Garten Bronder\",\"@id\":\"https:\/\/www.garten-bronder-shop.com\/ratgeber\/#\/schema\/person\/2f66915c1587442549c77ae603e2b258\"},\"headline\":\"Gartenarbeit im Herbst: Checkliste f\u00fcr die neue Saison\",\"datePublished\":\"2022-09-15T11:30:28+00:00\",\"dateModified\":\"2022-08-30T08:44:48+00:00\",\"mainEntityOfPage\":{\"@id\":\"https:\/\/www.garten-bronder-shop.com\/ratgeber\/gartenarbeit-im-herbst-checkliste-fuer-die-neue-saison\/\"},\"wordCount\":1017,\"publisher\":{\"@id\":\"https:\/\/www.garten-bronder-shop.com\/ratgeber\/#organization\"},\"articleSection\":[\"Gartenpflege\"],\"inLanguage\":\"de\"},{\"@type\":\"WebPage\",\"@id\":\"https:\/\/www.garten-bronder-shop.com\/ratgeber\/gartenarbeit-im-herbst-checkliste-fuer-die-neue-saison\/\",\"url\":\"https:\/\/www.garten-bronder-shop.com\/ratgeber\/gartenarbeit-im-herbst-checkliste-fuer-die-neue-saison\/\",\"name\":\"Gartenarbeit im Herbst: Checkliste f\u00fcr die neue Saison\",\"isPartOf\":{\"@id\":\"https:\/\/www.garten-bronder-shop.com\/ratgeber\/#website\"},\"datePublished\":\"2022-09-15T11:30:28+00:00\",\"dateModified\":\"2022-08-30T08:44:48+00:00\",\"breadcrumb\":{\"@id\":\"https:\/\/www.garten-bronder-shop.com\/ratgeber\/gartenarbeit-im-herbst-checkliste-fuer-die-neue-saison\/#breadcrumb\"},\"inLanguage\":\"de\",\"potentialAction\":[{\"@type\":\"ReadAction\",\"target\":[\"https:\/\/www.garten-bronder-shop.com\/ratgeber\/gartenarbeit-im-herbst-checkliste-fuer-die-neue-saison\/\"]}]},{\"@type\":\"BreadcrumbList\",\"@id\":\"https:\/\/www.garten-bronder-shop.com\/ratgeber\/gartenarbeit-im-herbst-checkliste-fuer-die-neue-saison\/#breadcrumb\",\"itemListElement\":[{\"@type\":\"ListItem\",\"position\":1,\"name\":\"Startseite\",\"item\":\"https:\/\/www.garten-bronder-shop.com\/ratgeber\/\"},{\"@type\":\"ListItem\",\"position\":2,\"name\":\"Gartenarbeit im Herbst: Checkliste f\u00fcr die neue Saison\"}]},{\"@type\":\"WebSite\",\"@id\":\"https:\/\/www.garten-bronder-shop.com\/ratgeber\/#website\",\"url\":\"https:\/\/www.garten-bronder-shop.com\/ratgeber\/\",\"name\":\"Garten Bronder Ratgeber\",\"description\":\"Garten Bronder Ratgeber\",\"publisher\":{\"@id\":\"https:\/\/www.garten-bronder-shop.com\/ratgeber\/#organization\"},\"potentialAction\":[{\"@type\":\"SearchAction\",\"target\":{\"@type\":\"EntryPoint\",\"urlTemplate\":\"https:\/\/www.garten-bronder-shop.com\/ratgeber\/?s={search_term_string}\"},\"query-input\":\"required name=search_term_string\"}],\"inLanguage\":\"de\"},{\"@type\":\"Organization\",\"@id\":\"https:\/\/www.garten-bronder-shop.com\/ratgeber\/#organization\",\"name\":\"Garten Bronder Ratgeber\",\"url\":\"https:\/\/www.garten-bronder-shop.com\/ratgeber\/\",\"logo\":{\"@type\":\"ImageObject\",\"inLanguage\":\"de\",\"@id\":\"https:\/\/www.garten-bronder-shop.com\/ratgeber\/#\/schema\/logo\/image\/\",\"url\":\"https:\/\/www.garten-bronder-shop.com\/ratgeber\/wp-content\/uploads\/2021\/05\/logo_garten-bronder.png\",\"contentUrl\":\"https:\/\/www.garten-bronder-shop.com\/ratgeber\/wp-content\/uploads\/2021\/05\/logo_garten-bronder.png\",\"width\":330,\"height\":64,\"caption\":\"Garten Bronder Ratgeber\"},\"image\":{\"@id\":\"https:\/\/www.garten-bronder-shop.com\/ratgeber\/#\/schema\/logo\/image\/\"}},{\"@type\":\"Person\",\"@id\":\"https:\/\/www.garten-bronder-shop.com\/ratgeber\/#\/schema\/person\/2f66915c1587442549c77ae603e2b258\",\"name\":\"Garten Bronder\",\"sameAs\":[\"https:\/\/www.garten-bronder-shop.com\/ratgeber\"],\"url\":\"https:\/\/www.garten-bronder-shop.com\/ratgeber\/author\/datablue\/\"}]}<\/script>\n<!-- \/ Yoast SEO plugin. -->","yoast_head_json":{"title":"Gartenarbeit im Herbst: Checkliste f\u00fcr die neue Saison","robots":{"index":"index","follow":"follow","max-snippet":"max-snippet:-1","max-image-preview":"max-image-preview:large","max-video-preview":"max-video-preview:-1"},"canonical":"https:\/\/www.garten-bronder-shop.com\/ratgeber\/gartenarbeit-im-herbst-checkliste-fuer-die-neue-saison\/","og_locale":"de_DE","og_type":"article","og_title":"Gartenarbeit im Herbst: Checkliste f\u00fcr die neue Saison","og_description":"Im Herbst, wenn die Bl\u00e4tter langsam von den B\u00e4umen fallen und die N\u00e4chte k\u00fchler werden, gibt es im Garten allerhand zu tun. Rasen, Hecken, B\u00fcsche und Pflanzen ben\u00f6tigen jetzt ganz besondere Pflege, um im Fr\u00fchjahr wieder in voller Bl\u00fcte und in voller Pracht zu erfreuen. In unserem Ratgeber erl\u00e4utern wir, welche Arbeiten im Herbst und [&hellip;]","og_url":"https:\/\/www.garten-bronder-shop.com\/ratgeber\/gartenarbeit-im-herbst-checkliste-fuer-die-neue-saison\/","og_site_name":"Garten Bronder Ratgeber","article_published_time":"2022-09-15T11:30:28+00:00","article_modified_time":"2022-08-30T08:44:48+00:00","og_image":[{"width":1120,"height":400,"url":"https:\/\/www.garten-bronder-shop.com\/ratgeber\/wp-content\/uploads\/2022\/09\/shutterstock_600294845_monkey_business_images.png","type":"image\/png"}],"author":"Garten Bronder","twitter_card":"summary_large_image","twitter_misc":{"Verfasst von":"Garten Bronder","Gesch\u00e4tzte Lesezeit":"5\u00a0Minuten"},"schema":{"@context":"https:\/\/schema.org","@graph":[{"@type":"Article","@id":"https:\/\/www.garten-bronder-shop.com\/ratgeber\/gartenarbeit-im-herbst-checkliste-fuer-die-neue-saison\/#article","isPartOf":{"@id":"https:\/\/www.garten-bronder-shop.com\/ratgeber\/gartenarbeit-im-herbst-checkliste-fuer-die-neue-saison\/"},"author":{"name":"Garten Bronder","@id":"https:\/\/www.garten-bronder-shop.com\/ratgeber\/#\/schema\/person\/2f66915c1587442549c77ae603e2b258"},"headline":"Gartenarbeit im Herbst: Checkliste f\u00fcr die neue Saison","datePublished":"2022-09-15T11:30:28+00:00","dateModified":"2022-08-30T08:44:48+00:00","mainEntityOfPage":{"@id":"https:\/\/www.garten-bronder-shop.com\/ratgeber\/gartenarbeit-im-herbst-checkliste-fuer-die-neue-saison\/"},"wordCount":1017,"publisher":{"@id":"https:\/\/www.garten-bronder-shop.com\/ratgeber\/#organization"},"articleSection":["Gartenpflege"],"inLanguage":"de"},{"@type":"WebPage","@id":"https:\/\/www.garten-bronder-shop.com\/ratgeber\/gartenarbeit-im-herbst-checkliste-fuer-die-neue-saison\/","url":"https:\/\/www.garten-bronder-shop.com\/ratgeber\/gartenarbeit-im-herbst-checkliste-fuer-die-neue-saison\/","name":"Gartenarbeit im Herbst: Checkliste f\u00fcr die neue Saison","isPartOf":{"@id":"https:\/\/www.garten-bronder-shop.com\/ratgeber\/#website"},"datePublished":"2022-09-15T11:30:28+00:00","dateModified":"2022-08-30T08:44:48+00:00","breadcrumb":{"@id":"https:\/\/www.garten-bronder-shop.com\/ratgeber\/gartenarbeit-im-herbst-checkliste-fuer-die-neue-saison\/#breadcrumb"},"inLanguage":"de","potentialAction":[{"@type":"ReadAction","target":["https:\/\/www.garten-bronder-shop.com\/ratgeber\/gartenarbeit-im-herbst-checkliste-fuer-die-neue-saison\/"]}]},{"@type":"BreadcrumbList","@id":"https:\/\/www.garten-bronder-shop.com\/ratgeber\/gartenarbeit-im-herbst-checkliste-fuer-die-neue-saison\/#breadcrumb","itemListElement":[{"@type":"ListItem","position":1,"name":"Startseite","item":"https:\/\/www.garten-bronder-shop.com\/ratgeber\/"},{"@type":"ListItem","position":2,"name":"Gartenarbeit im Herbst: Checkliste f\u00fcr die neue Saison"}]},{"@type":"WebSite","@id":"https:\/\/www.garten-bronder-shop.com\/ratgeber\/#website","url":"https:\/\/www.garten-bronder-shop.com\/ratgeber\/","name":"Garten Bronder Ratgeber","description":"Garten Bronder Ratgeber","publisher":{"@id":"https:\/\/www.garten-bronder-shop.com\/ratgeber\/#organization"},"potentialAction":[{"@type":"SearchAction","target":{"@type":"EntryPoint","urlTemplate":"https:\/\/www.garten-bronder-shop.com\/ratgeber\/?s={search_term_string}"},"query-input":"required name=search_term_string"}],"inLanguage":"de"},{"@type":"Organization","@id":"https:\/\/www.garten-bronder-shop.com\/ratgeber\/#organization","name":"Garten Bronder Ratgeber","url":"https:\/\/www.garten-bronder-shop.com\/ratgeber\/","logo":{"@type":"ImageObject","inLanguage":"de","@id":"https:\/\/www.garten-bronder-shop.com\/ratgeber\/#\/schema\/logo\/image\/","url":"https:\/\/www.garten-bronder-shop.com\/ratgeber\/wp-content\/uploads\/2021\/05\/logo_garten-bronder.png","contentUrl":"https:\/\/www.garten-bronder-shop.com\/ratgeber\/wp-content\/uploads\/2021\/05\/logo_garten-bronder.png","width":330,"height":64,"caption":"Garten Bronder Ratgeber"},"image":{"@id":"https:\/\/www.garten-bronder-shop.com\/ratgeber\/#\/schema\/logo\/image\/"}},{"@type":"Person","@id":"https:\/\/www.garten-bronder-shop.com\/ratgeber\/#\/schema\/person\/2f66915c1587442549c77ae603e2b258","name":"Garten Bronder","sameAs":["https:\/\/www.garten-bronder-shop.com\/ratgeber"],"url":"https:\/\/www.garten-bronder-shop.com\/ratgeber\/author\/datablue\/"}]}},"_links":{"self":[{"href":"https:\/\/www.garten-bronder-shop.com\/ratgeber\/wp-json\/wp\/v2\/posts\/1693","targetHints":{"allow":["GET"]}}],"collection":[{"href":"https:\/\/www.garten-bronder-shop.com\/ratgeber\/wp-json\/wp\/v2\/posts"}],"about":[{"href":"https:\/\/www.garten-bronder-shop.com\/ratgeber\/wp-json\/wp\/v2\/types\/post"}],"author":[{"embeddable":true,"href":"https:\/\/www.garten-bronder-shop.com\/ratgeber\/wp-json\/wp\/v2\/users\/1"}],"replies":[{"embeddable":true,"href":"https:\/\/www.garten-bronder-shop.com\/ratgeber\/wp-json\/wp\/v2\/comments?post=1693"}],"version-history":[{"count":9,"href":"https:\/\/www.garten-bronder-shop.com\/ratgeber\/wp-json\/wp\/v2\/posts\/1693\/revisions"}],"predecessor-version":[{"id":1703,"href":"https:\/\/www.garten-bronder-shop.com\/ratgeber\/wp-json\/wp\/v2\/posts\/1693\/revisions\/1703"}],"wp:featuredmedia":[{"embeddable":true,"href":"https:\/\/www.garten-bronder-shop.com\/ratgeber\/wp-json\/wp\/v2\/media\/1728"}],"wp:attachment":[{"href":"https:\/\/www.garten-bronder-shop.com\/ratgeber\/wp-json\/wp\/v2\/media?parent=1693"}],"wp:term":[{"taxonomy":"category","embeddable":true,"href":"https:\/\/www.garten-bronder-shop.com\/ratgeber\/wp-json\/wp\/v2\/categories?post=1693"},{"taxonomy":"post_tag","embeddable":true,"href":"https:\/\/www.garten-bronder-shop.com\/ratgeber\/wp-json\/wp\/v2\/tags?post=1693"}],"curies":[{"name":"wp","href":"https:\/\/api.w.org\/{rel}","templated":true}]}}