{"id":3692,"date":"2025-04-03T11:30:04","date_gmt":"2025-04-03T09:30:04","guid":{"rendered":"https:\/\/www.garten-bronder-shop.com\/ratgeber\/?p=3692"},"modified":"2025-03-24T08:55:39","modified_gmt":"2025-03-24T07:55:39","slug":"diese-10-fehler-schaden-dem-garten-im-fruehjahr-was-sie-jetzt-bei-der-gartenpflege-vermeiden-sollten","status":"publish","type":"post","link":"https:\/\/www.garten-bronder-shop.com\/ratgeber\/diese-10-fehler-schaden-dem-garten-im-fruehjahr-was-sie-jetzt-bei-der-gartenpflege-vermeiden-sollten\/","title":{"rendered":"Diese 10 Fehler schaden dem Garten im Fr\u00fchjahr &#8211; Was Sie jetzt bei der Gartenpflege vermeiden sollten"},"content":{"rendered":"\t\t<div data-elementor-type=\"wp-post\" data-elementor-id=\"3692\" class=\"elementor elementor-3692\">\n\t\t\t\t\t\t\t\t\t<section class=\"elementor-section elementor-top-section elementor-element elementor-element-290c165d elementor-section-boxed elementor-section-height-default elementor-section-height-default\" data-id=\"290c165d\" data-element_type=\"section\">\n\t\t\t\t\t\t<div class=\"elementor-container elementor-column-gap-default\">\n\t\t\t\t\t<div class=\"elementor-column elementor-col-100 elementor-top-column elementor-element elementor-element-54798148\" data-id=\"54798148\" data-element_type=\"column\" id=\"db_blogpost_header\">\n\t\t\t<div class=\"elementor-widget-wrap elementor-element-populated\">\n\t\t\t\t\t\t\t\t<div class=\"elementor-element elementor-element-83f7aa1 elementor-widget elementor-widget-heading\" data-id=\"83f7aa1\" data-element_type=\"widget\" data-widget_type=\"heading.default\">\n\t\t\t\t<div class=\"elementor-widget-container\">\n\t\t\t<h1 class=\"elementor-heading-title elementor-size-default\">Diese 10 Fehler schaden dem Garten im Fr\u00fchjahr &#8211; Was Sie jetzt bei der Gartenpflege vermeiden sollten<\/h1>\t\t<\/div>\n\t\t\t\t<\/div>\n\t\t\t\t<div class=\"elementor-element elementor-element-1f86a529 elementor-widget elementor-widget-image\" data-id=\"1f86a529\" data-element_type=\"widget\" data-widget_type=\"image.default\">\n\t\t\t\t<div class=\"elementor-widget-container\">\n\t\t\t\t\t\t\t\t\t\t\t\t\t\t\t<img loading=\"lazy\" decoding=\"async\" width=\"1120\" height=\"400\" src=\"https:\/\/www.garten-bronder-shop.com\/ratgeber\/wp-content\/uploads\/2025\/04\/Diese-10-Fehler-schaden-dem-Garten-im-Fruehjahr-Was-Sie-jetzt-bei-der-Gartenpflege-vermeiden-sollten.jpg\" class=\"attachment-full size-full wp-image-3713\" alt=\"Diese 10 Fehler schaden dem Garten im Fr\u00fchjahr - Was Sie jetzt bei der Gartenpflege vermeiden sollten\" srcset=\"https:\/\/www.garten-bronder-shop.com\/ratgeber\/wp-content\/uploads\/2025\/04\/Diese-10-Fehler-schaden-dem-Garten-im-Fruehjahr-Was-Sie-jetzt-bei-der-Gartenpflege-vermeiden-sollten.jpg 1120w, https:\/\/www.garten-bronder-shop.com\/ratgeber\/wp-content\/uploads\/2025\/04\/Diese-10-Fehler-schaden-dem-Garten-im-Fruehjahr-Was-Sie-jetzt-bei-der-Gartenpflege-vermeiden-sollten-300x107.jpg 300w, https:\/\/www.garten-bronder-shop.com\/ratgeber\/wp-content\/uploads\/2025\/04\/Diese-10-Fehler-schaden-dem-Garten-im-Fruehjahr-Was-Sie-jetzt-bei-der-Gartenpflege-vermeiden-sollten-1024x366.jpg 1024w, https:\/\/www.garten-bronder-shop.com\/ratgeber\/wp-content\/uploads\/2025\/04\/Diese-10-Fehler-schaden-dem-Garten-im-Fruehjahr-Was-Sie-jetzt-bei-der-Gartenpflege-vermeiden-sollten-768x274.jpg 768w\" sizes=\"auto, (max-width: 1120px) 100vw, 1120px\" title=\"\u00a9 Ann Stryzhekin\/Shutterstock.com\" \/>\t\t\t\t\t\t\t\t\t\t\t\t\t\t\t<\/div>\n\t\t\t\t<\/div>\n\t\t\t\t\t<\/div>\n\t\t<\/div>\n\t\t\t\t\t\t\t<\/div>\n\t\t<\/section>\n\t\t\t\t<section class=\"elementor-section elementor-top-section elementor-element elementor-element-78b5e19f elementor-section-boxed elementor-section-height-default elementor-section-height-default\" data-id=\"78b5e19f\" data-element_type=\"section\">\n\t\t\t\t\t\t<div class=\"elementor-container elementor-column-gap-default\">\n\t\t\t\t\t<div class=\"elementor-column elementor-col-66 elementor-top-column elementor-element elementor-element-69caa00b\" data-id=\"69caa00b\" data-element_type=\"column\">\n\t\t\t<div class=\"elementor-widget-wrap elementor-element-populated\">\n\t\t\t\t\t\t\t\t<div class=\"elementor-element elementor-element-7c254ee2 elementor-widget elementor-widget-text-editor\" data-id=\"7c254ee2\" data-element_type=\"widget\" data-widget_type=\"text-editor.default\">\n\t\t\t\t<div class=\"elementor-widget-container\">\n\t\t\t\t\t\t\t<p><span style=\"font-weight: 400;\">Das Fr\u00fchjahr ist die Zeit des Aufbruchs, in der sich der Garten nach den kalten Wintermonaten wieder ins Leben zur\u00fcck k\u00e4mpft. Viele Hobbyg\u00e4rtner versp\u00fcren den Drang, alles sofort in Schwung zu bringen und den Garten so schnell wie m\u00f6glich in volle Bl\u00fcte zu versetzen. Dabei k\u00f6nnen jedoch h\u00e4ufige Fehler passieren, die den Garten nicht nur in diesem Jahr, sondern auch langfristig sch\u00e4digen. <strong>In diesem Ratgeber beleuchten wir zehn Fehler, die Sie im Fr\u00fchjahr unbedingt vermeiden sollten.<\/strong> <strong>Wir zeigen Ihnen, worauf Sie achten m\u00fcssen, wie Sie Ihren Garten optimal pflegen und welche Ma\u00dfnahmen Ihnen dabei helfen, Sch\u00e4dlinge, Krankheiten und andere Probleme zu verhindern.<\/strong> So schaffen Sie die Grundlage f\u00fcr einen gesunden, \u00fcppigen Garten, der Sie das ganze Jahr \u00fcber erfreut.<\/span><\/p>\t\t\t\t\t\t<\/div>\n\t\t\t\t<\/div>\n\t\t\t\t\t<\/div>\n\t\t<\/div>\n\t\t\t\t<div class=\"elementor-column elementor-col-33 elementor-top-column elementor-element elementor-element-17d0eb5e\" data-id=\"17d0eb5e\" data-element_type=\"column\">\n\t\t\t<div class=\"elementor-widget-wrap elementor-element-populated\">\n\t\t\t\t\t\t\t\t<div class=\"elementor-element elementor-element-5d6ac270 elementor-widget elementor-widget-table-of-contents\" data-id=\"5d6ac270\" data-element_type=\"widget\" data-settings=\"{&quot;headings_by_tags&quot;:[&quot;h2&quot;,&quot;h3&quot;],&quot;exclude_headings_by_selector&quot;:[],&quot;min_height&quot;:{&quot;unit&quot;:&quot;px&quot;,&quot;size&quot;:0,&quot;sizes&quot;:[]},&quot;marker_view&quot;:&quot;numbers&quot;,&quot;hierarchical_view&quot;:&quot;yes&quot;,&quot;min_height_tablet&quot;:{&quot;unit&quot;:&quot;px&quot;,&quot;size&quot;:&quot;&quot;,&quot;sizes&quot;:[]},&quot;min_height_mobile&quot;:{&quot;unit&quot;:&quot;px&quot;,&quot;size&quot;:&quot;&quot;,&quot;sizes&quot;:[]}}\" data-widget_type=\"table-of-contents.default\">\n\t\t\t\t<div class=\"elementor-widget-container\">\n\t\t\t\t\t<div class=\"elementor-toc__header\">\n\t\t\t<div class=\"elementor-toc__header-title\">\n\t\t\t\tInhalt des Artikels\t\t\t<\/div>\n\t\t\t\t\t<\/div>\n\t\t<div class=\"elementor-toc__body\">\n\t\t\t<div class=\"elementor-toc__spinner-container\">\n\t\t\t\t<i class=\"elementor-toc__spinner eicon-animation-spin eicon-loading\" aria-hidden=\"true\"><\/i>\t\t\t<\/div>\n\t\t<\/div>\n\t\t\t\t<\/div>\n\t\t\t\t<\/div>\n\t\t\t\t\t<\/div>\n\t\t<\/div>\n\t\t\t\t\t\t\t<\/div>\n\t\t<\/section>\n\t\t\t\t<section class=\"elementor-section elementor-top-section elementor-element elementor-element-45e3b96d elementor-section-stretched elementor-section-boxed elementor-section-height-default elementor-section-height-default\" data-id=\"45e3b96d\" data-element_type=\"section\" data-settings=\"{&quot;stretch_section&quot;:&quot;section-stretched&quot;}\">\n\t\t\t\t\t\t<div class=\"elementor-container elementor-column-gap-wide\">\n\t\t\t\t\t<div class=\"elementor-column elementor-col-100 elementor-top-column elementor-element elementor-element-79cb7154\" data-id=\"79cb7154\" data-element_type=\"column\">\n\t\t\t<div class=\"elementor-widget-wrap elementor-element-populated\">\n\t\t\t\t\t\t\t\t<div class=\"elementor-element elementor-element-54b64054 elementor-widget elementor-widget-heading\" data-id=\"54b64054\" data-element_type=\"widget\" data-widget_type=\"heading.default\">\n\t\t\t\t<div class=\"elementor-widget-container\">\n\t\t\t<h2 class=\"elementor-heading-title elementor-size-default\">Fehler 1: Schonzeiten ignorieren<\/h2>\t\t<\/div>\n\t\t\t\t<\/div>\n\t\t\t\t<div class=\"elementor-element elementor-element-62a922ff elementor-widget elementor-widget-text-editor\" data-id=\"62a922ff\" data-element_type=\"widget\" data-widget_type=\"text-editor.default\">\n\t\t\t\t<div class=\"elementor-widget-container\">\n\t\t\t\t\t\t\t<p><span style=\"font-weight: 400;\">Viele Pflanzen ben\u00f6tigen im Fr\u00fchjahr eine Ruhephase, in der sie erst einmal ihre Kraft sammeln k\u00f6nnen, bevor sie in die aktive Wachstumsphase starten. <strong>Wird die Schonzeit missachtet und zu fr\u00fch mit intensiven Pflegema\u00dfnahmen begonnen, kann dies den Pflanzen schaden und sie schw\u00e4chen.<\/strong> Besonders empfindliche Geh\u00f6lze und Stauden reagieren negativ, wenn sie zu stark zur\u00fcckgeschnitten oder \u00fcberm\u00e4\u00dfig ged\u00fcngt werden, bevor sich ihre neuen Triebe richtig entfalten konnten. Es ist daher wichtig, die individuellen Schonzeiten Ihrer Pflanzen zu kennen und sich an diese zu halten, um ihnen einen guten Start in die Wachstumsperiode zu erm\u00f6glichen.<\/span><\/p>\t\t\t\t\t\t<\/div>\n\t\t\t\t<\/div>\n\t\t\t\t<div class=\"elementor-element elementor-element-2630164f elementor-widget elementor-widget-heading\" data-id=\"2630164f\" data-element_type=\"widget\" data-widget_type=\"heading.default\">\n\t\t\t\t<div class=\"elementor-widget-container\">\n\t\t\t<h2 class=\"elementor-heading-title elementor-size-default\">Fehler 2: Rasenpflege vernachl\u00e4ssigen<\/h2>\t\t<\/div>\n\t\t\t\t<\/div>\n\t\t\t\t<div class=\"elementor-element elementor-element-7381ea13 elementor-widget elementor-widget-text-editor\" data-id=\"7381ea13\" data-element_type=\"widget\" data-widget_type=\"text-editor.default\">\n\t\t\t\t<div class=\"elementor-widget-container\">\n\t\t\t\t\t\t\t<p><span style=\"font-weight: 400;\">Der Rasen ist oftmals der zentrale Bestandteil des Gartens, doch gerade im Fr\u00fchjahr wird er h\u00e4ufig vernachl\u00e4ssigt. Viele G\u00e4rtner warten zu lange mit dem ersten Schnitt oder der ersten D\u00fcngung, weil sie den Eindruck haben, dass der Rasen sich von selbst erholt. Ein vernachl\u00e4ssigter Rasen kann jedoch schnell unsauber wirken und anf\u00e4lliger f\u00fcr Unkraut und Krankheiten werden. <strong>Bereits der erste Schnitt im Fr\u00fchjahr sollte sorgf\u00e4ltig erfolgen, um den Rasen nicht zu stressen, aber gleichzeitig die Wurzelbildung zu f\u00f6rdern.<\/strong> Eine rechtzeitige D\u00fcngung und Aerifizieren sorgen daf\u00fcr, dass der Rasen dicht und kr\u00e4ftig nachwachsen kann. <strong>Vernachl\u00e4ssigen Sie auch nicht die Bew\u00e4sserung<\/strong>, besonders in Jahren mit wenig Fr\u00fchjahrsregen &#8211; <strong>ein gleichm\u00e4\u00dfig gepflegter Rasen bildet die Grundlage f\u00fcr einen gesunden Garten.<\/strong><\/span><\/p>\t\t\t\t\t\t<\/div>\n\t\t\t\t<\/div>\n\t\t\t\t<div class=\"elementor-element elementor-element-71b37a39 elementor-widget elementor-widget-heading\" data-id=\"71b37a39\" data-element_type=\"widget\" data-widget_type=\"heading.default\">\n\t\t\t\t<div class=\"elementor-widget-container\">\n\t\t\t<h3 class=\"elementor-heading-title elementor-size-default\">Fehler 3: Ungeduld und \u00fcbereifriges Eingreifen<\/h3>\t\t<\/div>\n\t\t\t\t<\/div>\n\t\t\t\t<div class=\"elementor-element elementor-element-7017a8b elementor-widget elementor-widget-text-editor\" data-id=\"7017a8b\" data-element_type=\"widget\" data-widget_type=\"text-editor.default\">\n\t\t\t\t<div class=\"elementor-widget-container\">\n\t\t\t\t\t\t\t<p><span style=\"font-weight: 400;\">Im Fr\u00fchjahr herrscht oft die Versuchung, alle Gartenbereiche sofort auf Vordermann zu bringen. Dabei kann zu viel Eingriff und \u00fcberm\u00e4\u00dfige Pflege den nat\u00fcrlichen Wachstumsrhythmus st\u00f6ren. <strong>Ungeduld f\u00fchrt h\u00e4ufig dazu, dass man zu fr\u00fch schneidet, zu stark d\u00fcngt oder sogar Pflanzenschutzmittel einsetzt<\/strong>, bevor sich die nat\u00fcrlichen Abwehrkr\u00e4fte der Pflanzen entwickelt haben. Ein schonender und behutsamer Umgang mit dem Garten ist daher essenziell. <strong>Lassen Sie den Pflanzen ihre nat\u00fcrliche Regeneration zu und greifen Sie nur dann ein, wenn es wirklich notwendig ist.<\/strong> Ein ausgewogenes Ma\u00df an Pflege, das den nat\u00fcrlichen Kreislauf ber\u00fccksichtigt, f\u00fchrt langfristig zu einem ges\u00fcnderen Garten.<\/span><\/p>\t\t\t\t\t\t<\/div>\n\t\t\t\t<\/div>\n\t\t\t\t<div class=\"elementor-element elementor-element-780da1e7 elementor-widget elementor-widget-heading\" data-id=\"780da1e7\" data-element_type=\"widget\" data-widget_type=\"heading.default\">\n\t\t\t\t<div class=\"elementor-widget-container\">\n\t\t\t<h2 class=\"elementor-heading-title elementor-size-default\">Fehler 4: Falscher Schnitt bei Str\u00e4uchern und Hecken<\/h2>\t\t<\/div>\n\t\t\t\t<\/div>\n\t\t\t\t<div class=\"elementor-element elementor-element-4a55fe20 elementor-widget elementor-widget-text-editor\" data-id=\"4a55fe20\" data-element_type=\"widget\" data-widget_type=\"text-editor.default\">\n\t\t\t\t<div class=\"elementor-widget-container\">\n\t\t\t\t\t\t\t<p><span style=\"font-weight: 400;\">Ein h\u00e4ufiger Fehler im Fr\u00fchjahr ist der falsche Schnitt von Str\u00e4uchern und <a href=\"https:\/\/www.garten-bronder-shop.com\/premium-fertighecke\/\">Hecken<\/a>. Viele G\u00e4rtner neigen dazu, zu stark in die Pflanzen hineinzuschneiden, was nicht nur deren nat\u00fcrliche Form zerst\u00f6rt, sondern auch das Risiko von Krankheiten erh\u00f6ht. <strong>Besonders bei sommerbl\u00fchenden Str\u00e4uchern sollte der R\u00fcckschnitt sorgf\u00e4ltig erfolgen<\/strong>, da zu fr\u00fch oder zu stark zur\u00fcckgeschnittene Pflanzen im Laufe des Jahres an ihrer Bl\u00fctenpracht verlieren k\u00f6nnen. <strong>Achten Sie darauf, alte, kranke oder besch\u00e4digte Zweige zu entfernen<\/strong>, ohne dabei die neue Triebbildung zu behindern. <strong>Ein fachgerechter Schnitt, der die nat\u00fcrliche Wuchsform respektiert, f\u00f6rdert die Vitalit\u00e4t der Pflanzen<\/strong> und sorgt daf\u00fcr, dass sie in voller Bl\u00fcte erstrahlen.<\/span><\/p>\t\t\t\t\t\t<\/div>\n\t\t\t\t<\/div>\n\t\t\t\t<div class=\"elementor-element elementor-element-0344fea elementor-widget elementor-widget-heading\" data-id=\"0344fea\" data-element_type=\"widget\" data-widget_type=\"heading.default\">\n\t\t\t\t<div class=\"elementor-widget-container\">\n\t\t\t<h2 class=\"elementor-heading-title elementor-size-default\">Fehler 5: Vernachl\u00e4ssigung der Rosenpflege<\/h2>\t\t<\/div>\n\t\t\t\t<\/div>\n\t\t\t\t<div class=\"elementor-element elementor-element-43771ef0 elementor-widget elementor-widget-text-editor\" data-id=\"43771ef0\" data-element_type=\"widget\" data-widget_type=\"text-editor.default\">\n\t\t\t\t<div class=\"elementor-widget-container\">\n\t\t\t\t\t\t\t<p><span style=\"font-weight: 400;\">Rosen sind oft die K\u00f6niginnen im Garten, doch ihre Pflege im Fr\u00fchjahr erfordert besondere Aufmerksamkeit. Viele G\u00e4rtner schneiden zu fr\u00fch oder zu drastisch in die Rosen hinein, was zu einem Verlust von Knospen f\u00fchren kann. Die richtige Technik beim R\u00fcckschnitt ist deswegen entscheidend: <strong>Entfernen Sie alte, verkrustete oder krankheitsanf\u00e4llige Triebe, ohne die jungen, gesund aussehenden Zweige zu stark zu k\u00fcrzen.<\/strong> Zudem sollten Sie darauf achten, dass die Rosen gen\u00fcgend Platz zum Ausbreiten haben, um Luftzirkulation zu gew\u00e4hrleisten und Pilzbefall zu verhindern. <strong>Eine gute D\u00fcngung und der gezielte Einsatz von Pflanzenschutzmitteln unterst\u00fctzen die Rosen dabei, im Fr\u00fchjahr voll aufzubl\u00fchen.<\/strong><\/span><\/p>\t\t\t\t\t\t<\/div>\n\t\t\t\t<\/div>\n\t\t\t\t<div class=\"elementor-element elementor-element-6639b5b elementor-widget elementor-widget-heading\" data-id=\"6639b5b\" data-element_type=\"widget\" data-widget_type=\"heading.default\">\n\t\t\t\t<div class=\"elementor-widget-container\">\n\t\t\t<h2 class=\"elementor-heading-title elementor-size-default\">Fehler 6: Wasserleitungen und Bew\u00e4sserung vernachl\u00e4ssigen<\/h2>\t\t<\/div>\n\t\t\t\t<\/div>\n\t\t\t\t<div class=\"elementor-element elementor-element-c49da32 elementor-widget elementor-widget-text-editor\" data-id=\"c49da32\" data-element_type=\"widget\" data-widget_type=\"text-editor.default\">\n\t\t\t\t<div class=\"elementor-widget-container\">\n\t\t\t\t\t\t\t<p><span style=\"font-weight: 400;\">Gerade im Fr\u00fchjahr, wenn der Boden beginnt, sich aufzuw\u00e4rmen und die Pflanzen ihre Wachstumsphase starten, ist eine ausreichende Bew\u00e4sserung essenziell. Viele G\u00e4rtner vergessen jedoch, ihre Wasserleitungen und Bew\u00e4sserungssysteme rechtzeitig zu \u00fcberpr\u00fcfen. Verstopfte oder besch\u00e4digte Leitungen k\u00f6nnen dazu f\u00fchren, dass der Garten nicht ausreichend mit Wasser versorgt wird, was besonders in trockenen Fr\u00fchlingstagen zu Stress und Wachstumsproblemen f\u00fchren kann. <strong>Kontrollieren Sie Ihre Bew\u00e4sserungssysteme, reinigen Sie D\u00fcsen und Leitungen und stellen Sie sicher, dass das Wasser gleichm\u00e4\u00dfig verteilt wird.<\/strong> Eine gut funktionierende Bew\u00e4sserung sorgt daf\u00fcr, dass der Boden gleichm\u00e4\u00dfig feucht bleibt und Ihre Pflanzen optimal versorgt werden.<\/span><\/p>\t\t\t\t\t\t<\/div>\n\t\t\t\t<\/div>\n\t\t\t\t<div class=\"elementor-element elementor-element-49baae63 elementor-widget elementor-widget-heading\" data-id=\"49baae63\" data-element_type=\"widget\" data-widget_type=\"heading.default\">\n\t\t\t\t<div class=\"elementor-widget-container\">\n\t\t\t<h2 class=\"elementor-heading-title elementor-size-default\">Fehler 7: Sch\u00e4dlinge und Krankheiten untersch\u00e4tze<\/h2>\t\t<\/div>\n\t\t\t\t<\/div>\n\t\t\t\t<div class=\"elementor-element elementor-element-9792f28 elementor-widget elementor-widget-text-editor\" data-id=\"9792f28\" data-element_type=\"widget\" data-widget_type=\"text-editor.default\">\n\t\t\t\t<div class=\"elementor-widget-container\">\n\t\t\t\t\t\t\t<p><span style=\"font-weight: 400;\">Das Fr\u00fchjahr ist auch die Zeit, in der Sch\u00e4dlinge und Krankheiten wieder vermehrt auftreten. Oft wird das Risiko untersch\u00e4tzt und notwendige Vorsichtsma\u00dfnahmen werden vernachl\u00e4ssigt. Eine regelm\u00e4\u00dfige Kontrolle der Pflanzen auf Anzeichen von Befall ist daher unerl\u00e4sslich. <strong>Entfernen Sie befallene Pflanzenteile und behandeln Sie betroffene Bereiche fr\u00fchzeitig mit geeigneten, m\u00f6glichst umweltfreundlichen <a href=\"https:\/\/www.garten-bronder-shop.com\/duenger-erde-pflanzenpflege-und-anzucht\/\">Pflanzenschutzmitteln<\/a>.<\/strong> Dabei sollten Sie auch die Ursachen f\u00fcr den Befall in Betracht ziehen, denn oft beg\u00fcnstigen falsche Pflege, \u00dcberd\u00fcngung oder Staun\u00e4sse das Auftreten von Sch\u00e4dlingen. <strong>Ein ganzheitlicher Ansatz in der Gartenpflege, der auf Pr\u00e4vention und fr\u00fchzeitiges Eingreifen setzt, sch\u00fctzt Ihren Garten langfristig vor Sch\u00e4den und f\u00f6rdert ein gesundes Pflanzenwachstum.<\/strong><\/span><\/p>\t\t\t\t\t\t<\/div>\n\t\t\t\t<\/div>\n\t\t\t\t<div class=\"elementor-element elementor-element-564d1b2 elementor-widget elementor-widget-heading\" data-id=\"564d1b2\" data-element_type=\"widget\" data-widget_type=\"heading.default\">\n\t\t\t\t<div class=\"elementor-widget-container\">\n\t\t\t<h2 class=\"elementor-heading-title elementor-size-default\">Fehler 8: K\u00fcbelpflanzen zu fr\u00fch ins Freie stellen<\/h2>\t\t<\/div>\n\t\t\t\t<\/div>\n\t\t\t\t<div class=\"elementor-element elementor-element-1296198 elementor-widget elementor-widget-text-editor\" data-id=\"1296198\" data-element_type=\"widget\" data-widget_type=\"text-editor.default\">\n\t\t\t\t<div class=\"elementor-widget-container\">\n\t\t\t\t\t\t\t<p><span style=\"font-weight: 400;\">Viele Hobbyg\u00e4rtner freuen sich darauf, ihre K\u00fcbelpflanzen im Fr\u00fchjahr wieder ins Freie zu holen. Allerdings kann ein zu fr\u00fches Aussetzen der Pflanzen zu erheblichen Sch\u00e4den f\u00fchren. Nach dem Winter brauchen die K\u00fcbelpflanzen oft noch eine gewisse Schonzeit, bevor sie den wechselnden Witterungsbedingungen ausgesetzt werden. <strong>Stellen Sie sicher, dass die Temperaturen ausreichend stabil sind und keine Gefahr von sp\u00e4ten Fr\u00f6sten besteht, bevor Sie Ihre K\u00fcbelpflanzen ins Freie stellen.<\/strong> Eine schrittweise Akklimatisierung, bei der die Pflanzen zun\u00e4chst an einen gesch\u00fctzten Ort und sp\u00e4ter vollst\u00e4ndig ins Freie gebracht werden, reduziert das Risiko von Schocks und Wachstumsst\u00f6rungen. <strong>Beobachten Sie auch die Wettervorhersagen und warten Sie im Zweifel etwas l\u00e4nger, um sicherzugehen, dass Ihre Pflanzen optimal starten k\u00f6nnen.<\/strong><\/span><\/p>\t\t\t\t\t\t<\/div>\n\t\t\t\t<\/div>\n\t\t\t\t<div class=\"elementor-element elementor-element-853e6c1 elementor-widget elementor-widget-heading\" data-id=\"853e6c1\" data-element_type=\"widget\" data-widget_type=\"heading.default\">\n\t\t\t\t<div class=\"elementor-widget-container\">\n\t\t\t<h2 class=\"elementor-heading-title elementor-size-default\">Fehler 9: Ungleichm\u00e4\u00dfige Bodenbearbeitung und N\u00e4hrstoffmangel<\/h2>\t\t<\/div>\n\t\t\t\t<\/div>\n\t\t\t\t<div class=\"elementor-element elementor-element-e757e52 elementor-widget elementor-widget-text-editor\" data-id=\"e757e52\" data-element_type=\"widget\" data-widget_type=\"text-editor.default\">\n\t\t\t\t<div class=\"elementor-widget-container\">\n\t\t\t\t\t\t\t<p><span style=\"font-weight: 400;\">Die Bodenbearbeitung spielt eine zentrale Rolle in der Gartenpflege. Im Fr\u00fchjahr sollte der Boden nicht nur gelockert, sondern auch mit den notwendigen N\u00e4hrstoffen angereichert werden. H\u00e4ufig kommt es jedoch vor, dass der Boden zu ungleichm\u00e4\u00dfig bearbeitet wird oder wichtige N\u00e4hrstoffe fehlen. Eine unzureichende Bodenvorbereitung kann dazu f\u00fchren, dass Pflanzen nicht optimal wachsen oder Mangelerscheinungen auftreten. <strong>Eine gr\u00fcndliche Bodenanalyse und die gezielte Zugabe von Kompost oder organischen D\u00fcngemitteln stellen sicher, dass der Boden die richtige Struktur und einen ausgewogenen N\u00e4hrstoffgehalt besitzt.<\/strong> <strong>Achten Sie darauf, dass Sie den Boden gleichm\u00e4\u00dfig auflockern und \u00fcbersch\u00fcssiges Unkraut entfernen, um eine optimale Wurzelentwicklung zu f\u00f6rdern.<\/strong><\/span><\/p>\t\t\t\t\t\t<\/div>\n\t\t\t\t<\/div>\n\t\t\t\t<div class=\"elementor-element elementor-element-47c3bef elementor-widget elementor-widget-heading\" data-id=\"47c3bef\" data-element_type=\"widget\" data-widget_type=\"heading.default\">\n\t\t\t\t<div class=\"elementor-widget-container\">\n\t\t\t<h2 class=\"elementor-heading-title elementor-size-default\">Fehler 10: Fehlende Planung und mangelnde Geduld<\/h2>\t\t<\/div>\n\t\t\t\t<\/div>\n\t\t\t\t<div class=\"elementor-element elementor-element-c33fc88 elementor-widget elementor-widget-text-editor\" data-id=\"c33fc88\" data-element_type=\"widget\" data-widget_type=\"text-editor.default\">\n\t\t\t\t<div class=\"elementor-widget-container\">\n\t\t\t\t\t\t\t<p><span style=\"font-weight: 400;\">Der vielleicht h\u00e4ufigste Fehler in der <a href=\"https:\/\/www.garten-bronder-shop.com\/info\/garten-landschaftsbau.html\">Gartenpflege<\/a> im Fr\u00fchjahr ist der Mangel an Planung und Geduld. Viele G\u00e4rtner m\u00f6chten sofort Ergebnisse sehen und sind daher zu schnell mit Schnitt- und Pflegema\u00dfnahmen befasst, ohne den nat\u00fcrlichen Wachstumszyklus der Pflanzen zu ber\u00fccksichtigen. Ein impulsives Eingreifen kann den Pflanzen mehr schaden als n\u00fctzen. <strong>Es ist wichtig, einen langfristigen Pflegeplan zu erstellen, der sowohl die nat\u00fcrlichen Ruhephasen als auch die Wachstumsperioden der Pflanzen ber\u00fccksichtigt.<\/strong> Setzen Sie sich klare Ziele, beobachten Sie den Garten kontinuierlich und passen Sie Ihre Ma\u00dfnahmen schrittweise an. <strong>Mit Geduld und einem durchdachten Konzept erreichen Sie langfristig einen gesunden, vitalen Garten<\/strong>, der Ihnen das ganze Jahr \u00fcber Freude bereitet.<\/span><\/p>\t\t\t\t\t\t<\/div>\n\t\t\t\t<\/div>\n\t\t\t\t<div class=\"elementor-element elementor-element-f1fad34 elementor-widget elementor-widget-post-info\" data-id=\"f1fad34\" data-element_type=\"widget\" data-widget_type=\"post-info.default\">\n\t\t\t\t<div class=\"elementor-widget-container\">\n\t\t\t\t\t<ul class=\"elementor-inline-items elementor-icon-list-items elementor-post-info\">\n\t\t\t\t\t\t\t\t<li class=\"elementor-icon-list-item elementor-repeater-item-6da5e44 elementor-inline-item\" itemprop=\"author\">\n\t\t\t\t\t\t<a href=\"https:\/\/www.garten-bronder-shop.com\/ratgeber\/author\/datablue\/\">\n\t\t\t\t\t\t\t\t\t\t\t<span class=\"elementor-icon-list-icon\">\n\t\t\t\t\t\t\t\t<i aria-hidden=\"true\" class=\"fas fa-user\"><\/i>\t\t\t\t\t\t\t<\/span>\n\t\t\t\t\t\t\t\t\t<span class=\"elementor-icon-list-text elementor-post-info__item elementor-post-info__item--type-author\">\n\t\t\t\t\t\t\t\t\t\tGarten Bronder\t\t\t\t\t<\/span>\n\t\t\t\t\t\t\t\t\t<\/a>\n\t\t\t\t<\/li>\n\t\t\t\t<li class=\"elementor-icon-list-item elementor-repeater-item-cdb887c elementor-inline-item\" itemprop=\"datePublished\">\n\t\t\t\t\t\t<a href=\"https:\/\/www.garten-bronder-shop.com\/ratgeber\/2025\/04\/03\/\">\n\t\t\t\t\t\t\t\t\t\t\t<span class=\"elementor-icon-list-icon\">\n\t\t\t\t\t\t\t\t<i aria-hidden=\"true\" class=\"fas fa-calendar-alt\"><\/i>\t\t\t\t\t\t\t<\/span>\n\t\t\t\t\t\t\t\t\t<span class=\"elementor-icon-list-text elementor-post-info__item elementor-post-info__item--type-date\">\n\t\t\t\t\t\t\t\t\t\t03\/04\/2025\t\t\t\t\t<\/span>\n\t\t\t\t\t\t\t\t\t<\/a>\n\t\t\t\t<\/li>\n\t\t\t\t<\/ul>\n\t\t\t\t<\/div>\n\t\t\t\t<\/div>\n\t\t\t\t\t<\/div>\n\t\t<\/div>\n\t\t\t\t\t\t\t<\/div>\n\t\t<\/section>\n\t\t\t\t\t\t\t<\/div>\n\t\t","protected":false},"excerpt":{"rendered":"<p>Das Fr\u00fchjahr ist die Zeit des Aufbruchs, in der sich der Garten nach den kalten Wintermonaten wieder ins Leben zur\u00fcck k\u00e4mpft. Viele Hobbyg\u00e4rtner versp\u00fcren den Drang, alles sofort in Schwung zu bringen und den Garten so schnell wie m\u00f6glich in volle Bl\u00fcte zu versetzen. Dabei k\u00f6nnen jedoch h\u00e4ufige Fehler passieren, die den Garten nicht nur [&hellip;]<\/p>\n","protected":false},"author":1,"featured_media":3713,"comment_status":"closed","ping_status":"open","sticky":false,"template":"","format":"standard","meta":{"footnotes":""},"categories":[15],"tags":[],"class_list":["post-3692","post","type-post","status-publish","format-standard","has-post-thumbnail","hentry","category-gartenpflege"],"yoast_head":"<!-- This site is optimized with the Yoast SEO plugin v19.14 - https:\/\/yoast.com\/wordpress\/plugins\/seo\/ -->\n<title>Diese 10 Fehler schaden dem Garten im Fr\u00fchjahr - Was Sie jetzt bei der Gartenpflege vermeiden sollten - Garten Bronder Ratgeber<\/title>\n<meta name=\"robots\" content=\"index, follow, max-snippet:-1, max-image-preview:large, max-video-preview:-1\" \/>\n<link rel=\"canonical\" href=\"https:\/\/www.garten-bronder-shop.com\/ratgeber\/diese-10-fehler-schaden-dem-garten-im-fruehjahr-was-sie-jetzt-bei-der-gartenpflege-vermeiden-sollten\/\" \/>\n<meta property=\"og:locale\" content=\"de_DE\" \/>\n<meta property=\"og:type\" content=\"article\" \/>\n<meta property=\"og:title\" content=\"Diese 10 Fehler schaden dem Garten im Fr\u00fchjahr - Was Sie jetzt bei der Gartenpflege vermeiden sollten - Garten Bronder Ratgeber\" \/>\n<meta property=\"og:description\" content=\"Das Fr\u00fchjahr ist die Zeit des Aufbruchs, in der sich der Garten nach den kalten Wintermonaten wieder ins Leben zur\u00fcck k\u00e4mpft. Viele Hobbyg\u00e4rtner versp\u00fcren den Drang, alles sofort in Schwung zu bringen und den Garten so schnell wie m\u00f6glich in volle Bl\u00fcte zu versetzen. Dabei k\u00f6nnen jedoch h\u00e4ufige Fehler passieren, die den Garten nicht nur [&hellip;]\" \/>\n<meta property=\"og:url\" content=\"https:\/\/www.garten-bronder-shop.com\/ratgeber\/diese-10-fehler-schaden-dem-garten-im-fruehjahr-was-sie-jetzt-bei-der-gartenpflege-vermeiden-sollten\/\" \/>\n<meta property=\"og:site_name\" content=\"Garten Bronder Ratgeber\" \/>\n<meta property=\"article:published_time\" content=\"2025-04-03T09:30:04+00:00\" \/>\n<meta property=\"article:modified_time\" content=\"2025-03-24T07:55:39+00:00\" \/>\n<meta property=\"og:image\" content=\"https:\/\/www.garten-bronder-shop.com\/ratgeber\/wp-content\/uploads\/2025\/04\/Diese-10-Fehler-schaden-dem-Garten-im-Fruehjahr-Was-Sie-jetzt-bei-der-Gartenpflege-vermeiden-sollten.jpg\" \/>\n\t<meta property=\"og:image:width\" content=\"1120\" \/>\n\t<meta property=\"og:image:height\" content=\"400\" \/>\n\t<meta property=\"og:image:type\" content=\"image\/jpeg\" \/>\n<meta name=\"author\" content=\"Garten Bronder\" \/>\n<meta name=\"twitter:card\" content=\"summary_large_image\" \/>\n<meta name=\"twitter:label1\" content=\"Verfasst von\" \/>\n\t<meta name=\"twitter:data1\" content=\"Garten Bronder\" \/>\n\t<meta name=\"twitter:label2\" content=\"Gesch\u00e4tzte Lesezeit\" \/>\n\t<meta name=\"twitter:data2\" content=\"7\u00a0Minuten\" \/>\n<script type=\"application\/ld+json\" class=\"yoast-schema-graph\">{\"@context\":\"https:\/\/schema.org\",\"@graph\":[{\"@type\":\"Article\",\"@id\":\"https:\/\/www.garten-bronder-shop.com\/ratgeber\/diese-10-fehler-schaden-dem-garten-im-fruehjahr-was-sie-jetzt-bei-der-gartenpflege-vermeiden-sollten\/#article\",\"isPartOf\":{\"@id\":\"https:\/\/www.garten-bronder-shop.com\/ratgeber\/diese-10-fehler-schaden-dem-garten-im-fruehjahr-was-sie-jetzt-bei-der-gartenpflege-vermeiden-sollten\/\"},\"author\":{\"name\":\"Garten Bronder\",\"@id\":\"https:\/\/www.garten-bronder-shop.com\/ratgeber\/#\/schema\/person\/2f66915c1587442549c77ae603e2b258\"},\"headline\":\"Diese 10 Fehler schaden dem Garten im Fr\u00fchjahr &#8211; Was Sie jetzt bei der Gartenpflege vermeiden sollten\",\"datePublished\":\"2025-04-03T09:30:04+00:00\",\"dateModified\":\"2025-03-24T07:55:39+00:00\",\"mainEntityOfPage\":{\"@id\":\"https:\/\/www.garten-bronder-shop.com\/ratgeber\/diese-10-fehler-schaden-dem-garten-im-fruehjahr-was-sie-jetzt-bei-der-gartenpflege-vermeiden-sollten\/\"},\"wordCount\":1391,\"publisher\":{\"@id\":\"https:\/\/www.garten-bronder-shop.com\/ratgeber\/#organization\"},\"articleSection\":[\"Gartenpflege\"],\"inLanguage\":\"de\"},{\"@type\":\"WebPage\",\"@id\":\"https:\/\/www.garten-bronder-shop.com\/ratgeber\/diese-10-fehler-schaden-dem-garten-im-fruehjahr-was-sie-jetzt-bei-der-gartenpflege-vermeiden-sollten\/\",\"url\":\"https:\/\/www.garten-bronder-shop.com\/ratgeber\/diese-10-fehler-schaden-dem-garten-im-fruehjahr-was-sie-jetzt-bei-der-gartenpflege-vermeiden-sollten\/\",\"name\":\"Diese 10 Fehler schaden dem Garten im Fr\u00fchjahr - Was Sie jetzt bei der Gartenpflege vermeiden sollten - Garten Bronder Ratgeber\",\"isPartOf\":{\"@id\":\"https:\/\/www.garten-bronder-shop.com\/ratgeber\/#website\"},\"datePublished\":\"2025-04-03T09:30:04+00:00\",\"dateModified\":\"2025-03-24T07:55:39+00:00\",\"breadcrumb\":{\"@id\":\"https:\/\/www.garten-bronder-shop.com\/ratgeber\/diese-10-fehler-schaden-dem-garten-im-fruehjahr-was-sie-jetzt-bei-der-gartenpflege-vermeiden-sollten\/#breadcrumb\"},\"inLanguage\":\"de\",\"potentialAction\":[{\"@type\":\"ReadAction\",\"target\":[\"https:\/\/www.garten-bronder-shop.com\/ratgeber\/diese-10-fehler-schaden-dem-garten-im-fruehjahr-was-sie-jetzt-bei-der-gartenpflege-vermeiden-sollten\/\"]}]},{\"@type\":\"BreadcrumbList\",\"@id\":\"https:\/\/www.garten-bronder-shop.com\/ratgeber\/diese-10-fehler-schaden-dem-garten-im-fruehjahr-was-sie-jetzt-bei-der-gartenpflege-vermeiden-sollten\/#breadcrumb\",\"itemListElement\":[{\"@type\":\"ListItem\",\"position\":1,\"name\":\"Startseite\",\"item\":\"https:\/\/www.garten-bronder-shop.com\/ratgeber\/\"},{\"@type\":\"ListItem\",\"position\":2,\"name\":\"Diese 10 Fehler schaden dem Garten im Fr\u00fchjahr &#8211; Was Sie jetzt bei der Gartenpflege vermeiden sollten\"}]},{\"@type\":\"WebSite\",\"@id\":\"https:\/\/www.garten-bronder-shop.com\/ratgeber\/#website\",\"url\":\"https:\/\/www.garten-bronder-shop.com\/ratgeber\/\",\"name\":\"Garten Bronder Ratgeber\",\"description\":\"Garten Bronder Ratgeber\",\"publisher\":{\"@id\":\"https:\/\/www.garten-bronder-shop.com\/ratgeber\/#organization\"},\"potentialAction\":[{\"@type\":\"SearchAction\",\"target\":{\"@type\":\"EntryPoint\",\"urlTemplate\":\"https:\/\/www.garten-bronder-shop.com\/ratgeber\/?s={search_term_string}\"},\"query-input\":\"required name=search_term_string\"}],\"inLanguage\":\"de\"},{\"@type\":\"Organization\",\"@id\":\"https:\/\/www.garten-bronder-shop.com\/ratgeber\/#organization\",\"name\":\"Garten Bronder Ratgeber\",\"url\":\"https:\/\/www.garten-bronder-shop.com\/ratgeber\/\",\"logo\":{\"@type\":\"ImageObject\",\"inLanguage\":\"de\",\"@id\":\"https:\/\/www.garten-bronder-shop.com\/ratgeber\/#\/schema\/logo\/image\/\",\"url\":\"https:\/\/www.garten-bronder-shop.com\/ratgeber\/wp-content\/uploads\/2021\/05\/logo_garten-bronder.png\",\"contentUrl\":\"https:\/\/www.garten-bronder-shop.com\/ratgeber\/wp-content\/uploads\/2021\/05\/logo_garten-bronder.png\",\"width\":330,\"height\":64,\"caption\":\"Garten Bronder Ratgeber\"},\"image\":{\"@id\":\"https:\/\/www.garten-bronder-shop.com\/ratgeber\/#\/schema\/logo\/image\/\"}},{\"@type\":\"Person\",\"@id\":\"https:\/\/www.garten-bronder-shop.com\/ratgeber\/#\/schema\/person\/2f66915c1587442549c77ae603e2b258\",\"name\":\"Garten Bronder\",\"sameAs\":[\"https:\/\/www.garten-bronder-shop.com\/ratgeber\"],\"url\":\"https:\/\/www.garten-bronder-shop.com\/ratgeber\/author\/datablue\/\"}]}<\/script>\n<!-- \/ Yoast SEO plugin. -->","yoast_head_json":{"title":"Diese 10 Fehler schaden dem Garten im Fr\u00fchjahr - Was Sie jetzt bei der Gartenpflege vermeiden sollten - Garten Bronder Ratgeber","robots":{"index":"index","follow":"follow","max-snippet":"max-snippet:-1","max-image-preview":"max-image-preview:large","max-video-preview":"max-video-preview:-1"},"canonical":"https:\/\/www.garten-bronder-shop.com\/ratgeber\/diese-10-fehler-schaden-dem-garten-im-fruehjahr-was-sie-jetzt-bei-der-gartenpflege-vermeiden-sollten\/","og_locale":"de_DE","og_type":"article","og_title":"Diese 10 Fehler schaden dem Garten im Fr\u00fchjahr - Was Sie jetzt bei der Gartenpflege vermeiden sollten - Garten Bronder Ratgeber","og_description":"Das Fr\u00fchjahr ist die Zeit des Aufbruchs, in der sich der Garten nach den kalten Wintermonaten wieder ins Leben zur\u00fcck k\u00e4mpft. Viele Hobbyg\u00e4rtner versp\u00fcren den Drang, alles sofort in Schwung zu bringen und den Garten so schnell wie m\u00f6glich in volle Bl\u00fcte zu versetzen. Dabei k\u00f6nnen jedoch h\u00e4ufige Fehler passieren, die den Garten nicht nur [&hellip;]","og_url":"https:\/\/www.garten-bronder-shop.com\/ratgeber\/diese-10-fehler-schaden-dem-garten-im-fruehjahr-was-sie-jetzt-bei-der-gartenpflege-vermeiden-sollten\/","og_site_name":"Garten Bronder Ratgeber","article_published_time":"2025-04-03T09:30:04+00:00","article_modified_time":"2025-03-24T07:55:39+00:00","og_image":[{"width":1120,"height":400,"url":"https:\/\/www.garten-bronder-shop.com\/ratgeber\/wp-content\/uploads\/2025\/04\/Diese-10-Fehler-schaden-dem-Garten-im-Fruehjahr-Was-Sie-jetzt-bei-der-Gartenpflege-vermeiden-sollten.jpg","type":"image\/jpeg"}],"author":"Garten Bronder","twitter_card":"summary_large_image","twitter_misc":{"Verfasst von":"Garten Bronder","Gesch\u00e4tzte Lesezeit":"7\u00a0Minuten"},"schema":{"@context":"https:\/\/schema.org","@graph":[{"@type":"Article","@id":"https:\/\/www.garten-bronder-shop.com\/ratgeber\/diese-10-fehler-schaden-dem-garten-im-fruehjahr-was-sie-jetzt-bei-der-gartenpflege-vermeiden-sollten\/#article","isPartOf":{"@id":"https:\/\/www.garten-bronder-shop.com\/ratgeber\/diese-10-fehler-schaden-dem-garten-im-fruehjahr-was-sie-jetzt-bei-der-gartenpflege-vermeiden-sollten\/"},"author":{"name":"Garten Bronder","@id":"https:\/\/www.garten-bronder-shop.com\/ratgeber\/#\/schema\/person\/2f66915c1587442549c77ae603e2b258"},"headline":"Diese 10 Fehler schaden dem Garten im Fr\u00fchjahr &#8211; Was Sie jetzt bei der Gartenpflege vermeiden sollten","datePublished":"2025-04-03T09:30:04+00:00","dateModified":"2025-03-24T07:55:39+00:00","mainEntityOfPage":{"@id":"https:\/\/www.garten-bronder-shop.com\/ratgeber\/diese-10-fehler-schaden-dem-garten-im-fruehjahr-was-sie-jetzt-bei-der-gartenpflege-vermeiden-sollten\/"},"wordCount":1391,"publisher":{"@id":"https:\/\/www.garten-bronder-shop.com\/ratgeber\/#organization"},"articleSection":["Gartenpflege"],"inLanguage":"de"},{"@type":"WebPage","@id":"https:\/\/www.garten-bronder-shop.com\/ratgeber\/diese-10-fehler-schaden-dem-garten-im-fruehjahr-was-sie-jetzt-bei-der-gartenpflege-vermeiden-sollten\/","url":"https:\/\/www.garten-bronder-shop.com\/ratgeber\/diese-10-fehler-schaden-dem-garten-im-fruehjahr-was-sie-jetzt-bei-der-gartenpflege-vermeiden-sollten\/","name":"Diese 10 Fehler schaden dem Garten im Fr\u00fchjahr - Was Sie jetzt bei der Gartenpflege vermeiden sollten - Garten Bronder Ratgeber","isPartOf":{"@id":"https:\/\/www.garten-bronder-shop.com\/ratgeber\/#website"},"datePublished":"2025-04-03T09:30:04+00:00","dateModified":"2025-03-24T07:55:39+00:00","breadcrumb":{"@id":"https:\/\/www.garten-bronder-shop.com\/ratgeber\/diese-10-fehler-schaden-dem-garten-im-fruehjahr-was-sie-jetzt-bei-der-gartenpflege-vermeiden-sollten\/#breadcrumb"},"inLanguage":"de","potentialAction":[{"@type":"ReadAction","target":["https:\/\/www.garten-bronder-shop.com\/ratgeber\/diese-10-fehler-schaden-dem-garten-im-fruehjahr-was-sie-jetzt-bei-der-gartenpflege-vermeiden-sollten\/"]}]},{"@type":"BreadcrumbList","@id":"https:\/\/www.garten-bronder-shop.com\/ratgeber\/diese-10-fehler-schaden-dem-garten-im-fruehjahr-was-sie-jetzt-bei-der-gartenpflege-vermeiden-sollten\/#breadcrumb","itemListElement":[{"@type":"ListItem","position":1,"name":"Startseite","item":"https:\/\/www.garten-bronder-shop.com\/ratgeber\/"},{"@type":"ListItem","position":2,"name":"Diese 10 Fehler schaden dem Garten im Fr\u00fchjahr &#8211; Was Sie jetzt bei der Gartenpflege vermeiden sollten"}]},{"@type":"WebSite","@id":"https:\/\/www.garten-bronder-shop.com\/ratgeber\/#website","url":"https:\/\/www.garten-bronder-shop.com\/ratgeber\/","name":"Garten Bronder Ratgeber","description":"Garten Bronder Ratgeber","publisher":{"@id":"https:\/\/www.garten-bronder-shop.com\/ratgeber\/#organization"},"potentialAction":[{"@type":"SearchAction","target":{"@type":"EntryPoint","urlTemplate":"https:\/\/www.garten-bronder-shop.com\/ratgeber\/?s={search_term_string}"},"query-input":"required name=search_term_string"}],"inLanguage":"de"},{"@type":"Organization","@id":"https:\/\/www.garten-bronder-shop.com\/ratgeber\/#organization","name":"Garten Bronder Ratgeber","url":"https:\/\/www.garten-bronder-shop.com\/ratgeber\/","logo":{"@type":"ImageObject","inLanguage":"de","@id":"https:\/\/www.garten-bronder-shop.com\/ratgeber\/#\/schema\/logo\/image\/","url":"https:\/\/www.garten-bronder-shop.com\/ratgeber\/wp-content\/uploads\/2021\/05\/logo_garten-bronder.png","contentUrl":"https:\/\/www.garten-bronder-shop.com\/ratgeber\/wp-content\/uploads\/2021\/05\/logo_garten-bronder.png","width":330,"height":64,"caption":"Garten Bronder Ratgeber"},"image":{"@id":"https:\/\/www.garten-bronder-shop.com\/ratgeber\/#\/schema\/logo\/image\/"}},{"@type":"Person","@id":"https:\/\/www.garten-bronder-shop.com\/ratgeber\/#\/schema\/person\/2f66915c1587442549c77ae603e2b258","name":"Garten Bronder","sameAs":["https:\/\/www.garten-bronder-shop.com\/ratgeber"],"url":"https:\/\/www.garten-bronder-shop.com\/ratgeber\/author\/datablue\/"}]}},"_links":{"self":[{"href":"https:\/\/www.garten-bronder-shop.com\/ratgeber\/wp-json\/wp\/v2\/posts\/3692","targetHints":{"allow":["GET"]}}],"collection":[{"href":"https:\/\/www.garten-bronder-shop.com\/ratgeber\/wp-json\/wp\/v2\/posts"}],"about":[{"href":"https:\/\/www.garten-bronder-shop.com\/ratgeber\/wp-json\/wp\/v2\/types\/post"}],"author":[{"embeddable":true,"href":"https:\/\/www.garten-bronder-shop.com\/ratgeber\/wp-json\/wp\/v2\/users\/1"}],"replies":[{"embeddable":true,"href":"https:\/\/www.garten-bronder-shop.com\/ratgeber\/wp-json\/wp\/v2\/comments?post=3692"}],"version-history":[{"count":21,"href":"https:\/\/www.garten-bronder-shop.com\/ratgeber\/wp-json\/wp\/v2\/posts\/3692\/revisions"}],"predecessor-version":[{"id":3714,"href":"https:\/\/www.garten-bronder-shop.com\/ratgeber\/wp-json\/wp\/v2\/posts\/3692\/revisions\/3714"}],"wp:featuredmedia":[{"embeddable":true,"href":"https:\/\/www.garten-bronder-shop.com\/ratgeber\/wp-json\/wp\/v2\/media\/3713"}],"wp:attachment":[{"href":"https:\/\/www.garten-bronder-shop.com\/ratgeber\/wp-json\/wp\/v2\/media?parent=3692"}],"wp:term":[{"taxonomy":"category","embeddable":true,"href":"https:\/\/www.garten-bronder-shop.com\/ratgeber\/wp-json\/wp\/v2\/categories?post=3692"},{"taxonomy":"post_tag","embeddable":true,"href":"https:\/\/www.garten-bronder-shop.com\/ratgeber\/wp-json\/wp\/v2\/tags?post=3692"}],"curies":[{"name":"wp","href":"https:\/\/api.w.org\/{rel}","templated":true}]}}