{"id":3715,"date":"2025-04-11T09:15:42","date_gmt":"2025-04-11T07:15:42","guid":{"rendered":"https:\/\/www.garten-bronder-shop.com\/ratgeber\/?p=3715"},"modified":"2025-03-24T10:30:14","modified_gmt":"2025-03-24T09:30:14","slug":"welche-straeucher-sie-wann-zurueckschneiden-sollten-und-was-es-dabei-zu-beachten-gibt","status":"publish","type":"post","link":"https:\/\/www.garten-bronder-shop.com\/ratgeber\/welche-straeucher-sie-wann-zurueckschneiden-sollten-und-was-es-dabei-zu-beachten-gibt\/","title":{"rendered":"Welche Str\u00e4ucher Sie wann zur\u00fcckschneiden sollten und was es dabei zu beachten gibt"},"content":{"rendered":"\t\t<div data-elementor-type=\"wp-post\" data-elementor-id=\"3715\" class=\"elementor elementor-3715\">\n\t\t\t\t\t\t\t\t\t<section class=\"elementor-section elementor-top-section elementor-element elementor-element-11b2f6f3 elementor-section-boxed elementor-section-height-default elementor-section-height-default\" data-id=\"11b2f6f3\" data-element_type=\"section\">\n\t\t\t\t\t\t<div class=\"elementor-container elementor-column-gap-default\">\n\t\t\t\t\t<div class=\"elementor-column elementor-col-100 elementor-top-column elementor-element elementor-element-42aea6df\" data-id=\"42aea6df\" data-element_type=\"column\" id=\"db_blogpost_header\">\n\t\t\t<div class=\"elementor-widget-wrap elementor-element-populated\">\n\t\t\t\t\t\t\t\t<div class=\"elementor-element elementor-element-68b9b38e elementor-widget elementor-widget-heading\" data-id=\"68b9b38e\" data-element_type=\"widget\" data-widget_type=\"heading.default\">\n\t\t\t\t<div class=\"elementor-widget-container\">\n\t\t\t<h1 class=\"elementor-heading-title elementor-size-default\">Welche Str\u00e4ucher Sie wann zur\u00fcckschneiden sollten und was es dabei zu beachten gibt<\/h1>\t\t<\/div>\n\t\t\t\t<\/div>\n\t\t\t\t<div class=\"elementor-element elementor-element-6b8b513b elementor-widget elementor-widget-image\" data-id=\"6b8b513b\" data-element_type=\"widget\" data-widget_type=\"image.default\">\n\t\t\t\t<div class=\"elementor-widget-container\">\n\t\t\t\t\t\t\t\t\t\t\t\t\t\t\t<img loading=\"lazy\" decoding=\"async\" width=\"1120\" height=\"400\" src=\"https:\/\/www.garten-bronder-shop.com\/ratgeber\/wp-content\/uploads\/2025\/04\/Welche-Straeucher-Sie-wann-zurueckschneiden-sollten-und-was-es-dabei-zu-beachten-gibt.jpg\" class=\"attachment-full size-full wp-image-3748\" alt=\"Welche Str\u00e4ucher Sie wann zur\u00fcckschneiden sollten und was es dabei zu beachten gibt\" srcset=\"https:\/\/www.garten-bronder-shop.com\/ratgeber\/wp-content\/uploads\/2025\/04\/Welche-Straeucher-Sie-wann-zurueckschneiden-sollten-und-was-es-dabei-zu-beachten-gibt.jpg 1120w, https:\/\/www.garten-bronder-shop.com\/ratgeber\/wp-content\/uploads\/2025\/04\/Welche-Straeucher-Sie-wann-zurueckschneiden-sollten-und-was-es-dabei-zu-beachten-gibt-300x107.jpg 300w, https:\/\/www.garten-bronder-shop.com\/ratgeber\/wp-content\/uploads\/2025\/04\/Welche-Straeucher-Sie-wann-zurueckschneiden-sollten-und-was-es-dabei-zu-beachten-gibt-1024x366.jpg 1024w, https:\/\/www.garten-bronder-shop.com\/ratgeber\/wp-content\/uploads\/2025\/04\/Welche-Straeucher-Sie-wann-zurueckschneiden-sollten-und-was-es-dabei-zu-beachten-gibt-768x274.jpg 768w\" sizes=\"auto, (max-width: 1120px) 100vw, 1120px\" title=\"\u00a9 omphoto\/Shutterstock.com\" \/>\t\t\t\t\t\t\t\t\t\t\t\t\t\t\t<\/div>\n\t\t\t\t<\/div>\n\t\t\t\t\t<\/div>\n\t\t<\/div>\n\t\t\t\t\t\t\t<\/div>\n\t\t<\/section>\n\t\t\t\t<section class=\"elementor-section elementor-top-section elementor-element elementor-element-2a8a7096 elementor-section-boxed elementor-section-height-default elementor-section-height-default\" data-id=\"2a8a7096\" data-element_type=\"section\">\n\t\t\t\t\t\t<div class=\"elementor-container elementor-column-gap-default\">\n\t\t\t\t\t<div class=\"elementor-column elementor-col-66 elementor-top-column elementor-element elementor-element-4de7410f\" data-id=\"4de7410f\" data-element_type=\"column\">\n\t\t\t<div class=\"elementor-widget-wrap elementor-element-populated\">\n\t\t\t\t\t\t\t\t<div class=\"elementor-element elementor-element-5ce3d666 elementor-widget elementor-widget-text-editor\" data-id=\"5ce3d666\" data-element_type=\"widget\" data-widget_type=\"text-editor.default\">\n\t\t\t\t<div class=\"elementor-widget-container\">\n\t\t\t\t\t\t\t<p><span style=\"font-weight: 400;\"><strong>Das Zur\u00fcckschneiden von Str\u00e4uchern ist ein wichtiger Bestandteil der Gartenpflege.<\/strong> Durch den richtigen R\u00fcckschnitt f\u00f6rdern Sie nicht nur das gesunde Wachstum, sondern erhalten auch die gew\u00fcnschte Form und Bl\u00fchkraft Ihrer Geh\u00f6lze. Doch wann welcher Strauch geschnitten werden sollte, h\u00e4ngt von verschiedenen Faktoren ab: von der jeweiligen Pflanzenart \u00fcber die Bl\u00fctezeit bis hin zu den individuellen Wuchsgewohnheiten. <strong>In diesem Ratgeber erfahren Sie, welche Str\u00e4ucher wann zur\u00fcckgeschnitten werden sollten<\/strong>, warum es sinnvoll ist, so fr\u00fch wie m\u00f6glich mit dem R\u00fcckschnitt zu beginnen und welche Schnitttechniken zu beachten sind. Au\u00dferdem gehen wir auf Str\u00e4ucher ein, die keinen R\u00fcckschnitt ben\u00f6tigen und geben Ihnen <strong>hilfreiche Tipps f\u00fcr den Umgang mit Sommer- und Fr\u00fchjahrsbl\u00fchern.<\/strong><\/span><\/p>\t\t\t\t\t\t<\/div>\n\t\t\t\t<\/div>\n\t\t\t\t\t<\/div>\n\t\t<\/div>\n\t\t\t\t<div class=\"elementor-column elementor-col-33 elementor-top-column elementor-element elementor-element-27044411\" data-id=\"27044411\" data-element_type=\"column\">\n\t\t\t<div class=\"elementor-widget-wrap elementor-element-populated\">\n\t\t\t\t\t\t\t\t<div class=\"elementor-element elementor-element-74e6ba0e elementor-widget elementor-widget-table-of-contents\" data-id=\"74e6ba0e\" data-element_type=\"widget\" data-settings=\"{&quot;headings_by_tags&quot;:[&quot;h2&quot;,&quot;h3&quot;],&quot;exclude_headings_by_selector&quot;:[],&quot;min_height&quot;:{&quot;unit&quot;:&quot;px&quot;,&quot;size&quot;:0,&quot;sizes&quot;:[]},&quot;marker_view&quot;:&quot;numbers&quot;,&quot;hierarchical_view&quot;:&quot;yes&quot;,&quot;min_height_tablet&quot;:{&quot;unit&quot;:&quot;px&quot;,&quot;size&quot;:&quot;&quot;,&quot;sizes&quot;:[]},&quot;min_height_mobile&quot;:{&quot;unit&quot;:&quot;px&quot;,&quot;size&quot;:&quot;&quot;,&quot;sizes&quot;:[]}}\" data-widget_type=\"table-of-contents.default\">\n\t\t\t\t<div class=\"elementor-widget-container\">\n\t\t\t\t\t<div class=\"elementor-toc__header\">\n\t\t\t<div class=\"elementor-toc__header-title\">\n\t\t\t\tInhalt des Artikels\t\t\t<\/div>\n\t\t\t\t\t<\/div>\n\t\t<div class=\"elementor-toc__body\">\n\t\t\t<div class=\"elementor-toc__spinner-container\">\n\t\t\t\t<i class=\"elementor-toc__spinner eicon-animation-spin eicon-loading\" aria-hidden=\"true\"><\/i>\t\t\t<\/div>\n\t\t<\/div>\n\t\t\t\t<\/div>\n\t\t\t\t<\/div>\n\t\t\t\t\t<\/div>\n\t\t<\/div>\n\t\t\t\t\t\t\t<\/div>\n\t\t<\/section>\n\t\t\t\t<section class=\"elementor-section elementor-top-section elementor-element elementor-element-415940d3 elementor-section-stretched elementor-section-boxed elementor-section-height-default elementor-section-height-default\" data-id=\"415940d3\" data-element_type=\"section\" data-settings=\"{&quot;stretch_section&quot;:&quot;section-stretched&quot;}\">\n\t\t\t\t\t\t<div class=\"elementor-container elementor-column-gap-wide\">\n\t\t\t\t\t<div class=\"elementor-column elementor-col-100 elementor-top-column elementor-element elementor-element-56c384fb\" data-id=\"56c384fb\" data-element_type=\"column\">\n\t\t\t<div class=\"elementor-widget-wrap elementor-element-populated\">\n\t\t\t\t\t\t\t\t<div class=\"elementor-element elementor-element-87c45d3 elementor-widget elementor-widget-heading\" data-id=\"87c45d3\" data-element_type=\"widget\" data-widget_type=\"heading.default\">\n\t\t\t\t<div class=\"elementor-widget-container\">\n\t\t\t<h2 class=\"elementor-heading-title elementor-size-default\">Fr\u00fchzeitiger Beginn als Schl\u00fcssel zum Erfolg<\/h2>\t\t<\/div>\n\t\t\t\t<\/div>\n\t\t\t\t<div class=\"elementor-element elementor-element-410f3470 elementor-widget elementor-widget-text-editor\" data-id=\"410f3470\" data-element_type=\"widget\" data-widget_type=\"text-editor.default\">\n\t\t\t\t<div class=\"elementor-widget-container\">\n\t\t\t\t\t\t\t<p><span style=\"font-weight: 400;\">Der richtige Zeitpunkt f\u00fcr den R\u00fcckschnitt liegt h\u00e4ufig fr\u00fch im Jahr, noch bevor der Neuaustrieb einsetzt.<strong> Ein fr\u00fchzeitiger Schnitt erm\u00f6glicht es, das austreibende Wachstum optimal zu kontrollieren<\/strong> <strong>und die Str\u00e4ucher in ihrer Form zu halten.<\/strong> Gerade bei sommerbl\u00fchenden Str\u00e4uchern empfiehlt es sich, den R\u00fcckschnitt fr\u00fch vorzunehmen, idealerweise im Sp\u00e4twinter oder sehr fr\u00fchen Fr\u00fchling, wenn die Gefahr von starkem Frost weitgehend vorbei ist. So wird der Strauch angeregt, kr\u00e4ftige Triebe zu entwickeln, die im Sommer in \u00fcppiger Bl\u00fctenpracht erstrahlen. <strong>Der fr\u00fche Schnitt verringert zudem das Risiko, dass Krankheiten oder Sch\u00e4dlinge in den dichten Wuchs eindringen, und sorgt f\u00fcr eine gute Bel\u00fcftung der Pflanzen.<\/strong><\/span><\/p>\t\t\t\t\t\t<\/div>\n\t\t\t\t<\/div>\n\t\t\t\t<div class=\"elementor-element elementor-element-2cddacdd elementor-widget elementor-widget-heading\" data-id=\"2cddacdd\" data-element_type=\"widget\" data-widget_type=\"heading.default\">\n\t\t\t\t<div class=\"elementor-widget-container\">\n\t\t\t<h2 class=\"elementor-heading-title elementor-size-default\">Schnittzeiten bei Sommerbl\u00fchern<\/h2>\t\t<\/div>\n\t\t\t\t<\/div>\n\t\t\t\t<div class=\"elementor-element elementor-element-428f5841 elementor-widget elementor-widget-text-editor\" data-id=\"428f5841\" data-element_type=\"widget\" data-widget_type=\"text-editor.default\">\n\t\t\t\t<div class=\"elementor-widget-container\">\n\t\t\t\t\t\t\t<p><span style=\"font-weight: 400;\"><strong>Sommerbl\u00fchende Str\u00e4ucher wie beispielsweise Flieder, Hortensien oder Sommerrosen profitieren von einem R\u00fcckschnitt, der kurz vor dem Neuaustrieb erfolgt.<\/strong> Bei diesen Pflanzen ist es wichtig, den R\u00fcckschnitt nicht zu sp\u00e4t im Jahr vorzunehmen, da die Bl\u00fctenans\u00e4tze an den alten Trieben entstehen. <strong>Werden die Str\u00e4ucher zu stark zur\u00fcckgeschnitten oder zu sp\u00e4t bearbeitet, kann dies zu einer eingeschr\u00e4nkten Bl\u00fctenbildung f\u00fchren.<\/strong> Idealerweise sollten Sie diese Str\u00e4ucher im sp\u00e4ten Winter, wenn noch keine kr\u00e4ftigen Triebe sichtbar sind, in Form bringen. Dabei gilt es, <strong>alte, kranke oder besch\u00e4digte Zweige zu entfernen und den Wuchs so zu straffen<\/strong>, dass das Licht alle Teile der Pflanze erreicht. So f\u00f6rdern Sie eine gleichm\u00e4\u00dfige Verteilung der Bl\u00fcten und einen gesunden, dichten Wuchs.<\/span><\/p>\t\t\t\t\t\t<\/div>\n\t\t\t\t<\/div>\n\t\t\t\t<div class=\"elementor-element elementor-element-5b440f1c elementor-widget elementor-widget-heading\" data-id=\"5b440f1c\" data-element_type=\"widget\" data-widget_type=\"heading.default\">\n\t\t\t\t<div class=\"elementor-widget-container\">\n\t\t\t<h2 class=\"elementor-heading-title elementor-size-default\">R\u00fcckschnitt bei Fr\u00fchjahrsbl\u00fchern<\/h2>\t\t<\/div>\n\t\t\t\t<\/div>\n\t\t\t\t<div class=\"elementor-element elementor-element-5219f7c elementor-widget elementor-widget-text-editor\" data-id=\"5219f7c\" data-element_type=\"widget\" data-widget_type=\"text-editor.default\">\n\t\t\t\t<div class=\"elementor-widget-container\">\n\t\t\t\t\t\t\t<p><span style=\"font-weight: 400;\"><strong>Fr\u00fchjahrs bl\u00fchende Str\u00e4ucher, wie beispielsweise Weigelien, Azaleen oder Rhododendren, sollten in der Regel unmittelbar nach der Bl\u00fcte zur\u00fcckgeschnitten werden.<\/strong> Diese Pflanzen entwickeln ihre Bl\u00fcten bereits im Vorjahr, sodass ein sp\u00e4terer Schnitt die Bl\u00fctenans\u00e4tze des kommenden Jahres beeintr\u00e4chtigen kann. <strong>Ein R\u00fcckschnitt unmittelbar nach der Bl\u00fcte erm\u00f6glicht es der Pflanze, neue Triebe zu bilden<\/strong>, an denen dann im n\u00e4chsten Jahr wieder die Bl\u00fcten erscheinen. <strong>Achten Sie dabei darauf, nur die verbl\u00fchten Bl\u00fcten und abgestorbenen Zweige zu entfernen<\/strong>, ohne die gesund wachsenden Triebe zu stark zu beschneiden. So bleibt die nat\u00fcrliche Form erhalten und die Pflanze kann sich optimal regenerieren.<\/span><\/p>\t\t\t\t\t\t<\/div>\n\t\t\t\t<\/div>\n\t\t\t\t<div class=\"elementor-element elementor-element-192899ae elementor-widget elementor-widget-heading\" data-id=\"192899ae\" data-element_type=\"widget\" data-widget_type=\"heading.default\">\n\t\t\t\t<div class=\"elementor-widget-container\">\n\t\t\t<h2 class=\"elementor-heading-title elementor-size-default\">Str\u00e4ucher, die keinen R\u00fcckschnitt ben\u00f6tigen<\/h2>\t\t<\/div>\n\t\t\t\t<\/div>\n\t\t\t\t<div class=\"elementor-element elementor-element-7d9ceb57 elementor-widget elementor-widget-text-editor\" data-id=\"7d9ceb57\" data-element_type=\"widget\" data-widget_type=\"text-editor.default\">\n\t\t\t\t<div class=\"elementor-widget-container\">\n\t\t\t\t\t\t\t<p><span style=\"font-weight: 400;\">Nicht alle Str\u00e4ucher profitieren von einem regelm\u00e4\u00dfigen R\u00fcckschnitt. Manche Geh\u00f6lze, insbesondere <strong>stark wachsende oder immergr\u00fcne Str\u00e4ucher, ben\u00f6tigen nur einen minimalen Formschnitt oder gar keinen.<\/strong> Beispiele hierf\u00fcr sind immergr\u00fcne Buchsbaumarten oder bestimmte Ziergr\u00e4ser und Farne, die von Natur aus in einer kompakten Form wachsen. <strong>Bei diesen Pflanzen reicht es oft, nur besch\u00e4digte oder krankhafte Zweige zu entfernen<\/strong>, um das gesunde Wachstum zu f\u00f6rdern. <strong>Wichtig ist hier, sich \u00fcber die spezifischen Bed\u00fcrfnisse der jeweiligen Art zu informieren<\/strong> \u2013 denn ein zu starker R\u00fcckschnitt kann auch bei diesen Str\u00e4uchern kontraproduktiv sein und die nat\u00fcrliche Form zerst\u00f6ren.<\/span><\/p>\t\t\t\t\t\t<\/div>\n\t\t\t\t<\/div>\n\t\t\t\t<div class=\"elementor-element elementor-element-b50bb77 elementor-widget elementor-widget-heading\" data-id=\"b50bb77\" data-element_type=\"widget\" data-widget_type=\"heading.default\">\n\t\t\t\t<div class=\"elementor-widget-container\">\n\t\t\t<h2 class=\"elementor-heading-title elementor-size-default\">Verschiedene Schnitttechniken im \u00dcberblick<\/h2>\t\t<\/div>\n\t\t\t\t<\/div>\n\t\t\t\t<div class=\"elementor-element elementor-element-9ddd4ed elementor-widget elementor-widget-text-editor\" data-id=\"9ddd4ed\" data-element_type=\"widget\" data-widget_type=\"text-editor.default\">\n\t\t\t\t<div class=\"elementor-widget-container\">\n\t\t\t\t\t\t\t<p><span style=\"font-weight: 400;\">Beim R\u00fcckschnitt von Str\u00e4uchern gibt es verschiedene Techniken, die je nach Pflanze und gew\u00fcnschtem Ergebnis angewendet werden sollten. Eine g\u00e4ngige Methode ist der <strong>Formschnitt, bei dem die \u00e4u\u00dferen Zweige auf die gew\u00fcnschte Form zur\u00fcckgeschnitten werden<\/strong>. Dabei ist es wichtig, immer von au\u00dfen nach innen zu arbeiten, um den Wuchs gleichm\u00e4\u00dfig zu gestalten. Ein anderer wichtiger Schnitt ist der <strong>Erhaltungsschnitt: Hierbei werden nur die besch\u00e4digten oder \u00fcberz\u00e4hligen Zweige entfernt<\/strong>, um die Gesundheit der Pflanze zu sichern, ohne den nat\u00fcrlichen Wuchs zu stark zu beeinflussen. Bei stark wachsenden Str\u00e4uchern kann auch ein <strong>Verj\u00fcngungsschnitt<\/strong> sinnvoll sein &#8211; <strong>dies bedeutet, dass \u00e4ltere Zweige entfernt und durch kr\u00e4ftigere, j\u00fcngere Triebe ersetzt werden<\/strong>, um die Vitalit\u00e4t der Pflanze zu steigern. <strong>Achten Sie beim Schnitt darauf, immer saubere, scharfe Werkzeuge zu verwenden<\/strong>, um die Schnittfl\u00e4chen glatt zu hinterlassen und das Risiko von Infektionen zu minimieren.<\/span><\/p>\t\t\t\t\t\t<\/div>\n\t\t\t\t<\/div>\n\t\t\t\t<div class=\"elementor-element elementor-element-8c8b17b elementor-widget elementor-widget-heading\" data-id=\"8c8b17b\" data-element_type=\"widget\" data-widget_type=\"heading.default\">\n\t\t\t\t<div class=\"elementor-widget-container\">\n\t\t\t<h2 class=\"elementor-heading-title elementor-size-default\">Werkzeuge und Vorbereitung f\u00fcr den R\u00fcckschnitt<\/h2>\t\t<\/div>\n\t\t\t\t<\/div>\n\t\t\t\t<div class=\"elementor-element elementor-element-b624eb9 elementor-widget elementor-widget-text-editor\" data-id=\"b624eb9\" data-element_type=\"widget\" data-widget_type=\"text-editor.default\">\n\t\t\t\t<div class=\"elementor-widget-container\">\n\t\t\t\t\t\t\t<p><span style=\"font-weight: 400;\">Bevor Sie mit dem R\u00fcckschnitt beginnen, sollten Sie sicherstellen, dass Ihre Werkzeuge in einwandfreiem Zustand sind. <strong>Scharfe Gartenscheren, Astscheren und, bei gr\u00f6\u00dferen Str\u00e4uchern, eine Heckenschere sind unerl\u00e4sslich<\/strong>, um saubere Schnitte zu erzielen. <strong>Reinigen und desinfizieren Sie Ihre Werkzeuge<\/strong> vor dem Schnitt, um die Verbreitung von Krankheiten zu vermeiden. <strong>Informieren Sie sich au\u00dferdem \u00fcber den gew\u00fcnschten Schnittwinkel, da ein schr\u00e4ger Schnitt, der leicht nach au\u00dfen abf\u00e4llt, verhindert, dass Wasser auf der Schnittfl\u00e4che stehen bleibt und so F\u00e4ulnis beg\u00fcnstigt.<\/strong> Eine sorgf\u00e4ltige Planung und Vorbereitung der Arbeitsfl\u00e4che erleichtert zudem die Arbeit.<\/span><\/p>\t\t\t\t\t\t<\/div>\n\t\t\t\t<\/div>\n\t\t\t\t<div class=\"elementor-element elementor-element-052ee7d elementor-widget elementor-widget-heading\" data-id=\"052ee7d\" data-element_type=\"widget\" data-widget_type=\"heading.default\">\n\t\t\t\t<div class=\"elementor-widget-container\">\n\t\t\t<h2 class=\"elementor-heading-title elementor-size-default\">Praktische Tipps f\u00fcr den R\u00fcckschnitt<\/h2>\t\t<\/div>\n\t\t\t\t<\/div>\n\t\t\t\t<div class=\"elementor-element elementor-element-395b651 elementor-widget elementor-widget-text-editor\" data-id=\"395b651\" data-element_type=\"widget\" data-widget_type=\"text-editor.default\">\n\t\t\t\t<div class=\"elementor-widget-container\">\n\t\t\t\t\t\t\t<p><span style=\"font-weight: 400;\"><strong>Beginnen Sie fr\u00fchzeitig im Jahr mit dem R\u00fcckschnitt<\/strong>, um den Str\u00e4uchern gen\u00fcgend Zeit zur Regeneration zu geben. <strong>Bei sommerbl\u00fchenden Str\u00e4uchern sollten Sie den R\u00fcckschnitt vor dem Neuaustrieb im Sp\u00e4twinter oder sehr fr\u00fchen Fr\u00fchling durchf\u00fchren<\/strong>, w\u00e4hrend Fr\u00fchjahrsbl\u00fcher direkt nach der Bl\u00fcte geschnitten werden sollten. <strong>Entfernen Sie immer zun\u00e4chst die \u00e4u\u00dferen, abgestorbenen Zweige und arbeiten Sie sich nach innen vor.<\/strong> Achten Sie darauf, dass Sie nicht zu viel Material entfernen, denn <strong>oft reicht ein moderater R\u00fcckschnitt<\/strong>, um den gew\u00fcnschten Effekt zu erzielen, ohne die Pflanze zu schw\u00e4chen. Dokumentieren Sie Ihre Schnittarbeiten, um im n\u00e4chsten Jahr besser beurteilen zu k\u00f6nnen, wie sich der Wuchs entwickelt hat und passen Sie Ihre Schnitttechnik gegebenenfalls an.<\/span><\/p>\t\t\t\t\t\t<\/div>\n\t\t\t\t<\/div>\n\t\t\t\t<div class=\"elementor-element elementor-element-27b3e7b elementor-widget elementor-widget-heading\" data-id=\"27b3e7b\" data-element_type=\"widget\" data-widget_type=\"heading.default\">\n\t\t\t\t<div class=\"elementor-widget-container\">\n\t\t\t<h2 class=\"elementor-heading-title elementor-size-default\">Schnittzeiten im Jahresverlauf<\/h2>\t\t<\/div>\n\t\t\t\t<\/div>\n\t\t\t\t<div class=\"elementor-element elementor-element-2c3b50f elementor-widget elementor-widget-text-editor\" data-id=\"2c3b50f\" data-element_type=\"widget\" data-widget_type=\"text-editor.default\">\n\t\t\t\t<div class=\"elementor-widget-container\">\n\t\t\t\t\t\t\t<p><span style=\"font-weight: 400;\">Der ideale Zeitpunkt f\u00fcr den R\u00fcckschnitt variiert je nach Pflanzenart und regionalen Klimabedingungen. <strong>In Regionen mit milden Wintern k\u00f6nnen viele Str\u00e4ucher bereits im Februar oder M\u00e4rz geschnitten werden<\/strong>, <strong>w\u00e4hrend in k\u00e4lteren Gebieten bis in den April gewartet werden sollte.<\/strong> Beobachten Sie den Wuchs Ihrer Str\u00e4ucher genau: <strong>Wenn die Knospen zu platzen beginnen, ist es meist zu sp\u00e4t f\u00fcr einen R\u00fcckschnitt bei sommerbl\u00fchenden Arten.<\/strong> Im Idealfall sollten Sie immer so fr\u00fch wie m\u00f6glich beginnen, um den Str\u00e4uchern einen guten Start in die Wachstumsperiode zu erm\u00f6glichen. Dabei ist es hilfreich, sich einen Gartenkalender anzulegen, in dem Sie die verschiedenen Schnittzeiten f\u00fcr die jeweiligen Pflanzen notieren \u2013 so behalten Sie den \u00dcberblick und k\u00f6nnen langfristig einen satten, gesunden Garten pflegen.<\/span><\/p>\t\t\t\t\t\t<\/div>\n\t\t\t\t<\/div>\n\t\t\t\t<div class=\"elementor-element elementor-element-ca5843d elementor-widget elementor-widget-heading\" data-id=\"ca5843d\" data-element_type=\"widget\" data-widget_type=\"heading.default\">\n\t\t\t\t<div class=\"elementor-widget-container\">\n\t\t\t<h2 class=\"elementor-heading-title elementor-size-default\">R\u00fcckschnitt als Teil der ganzheitlichen Gartenpflege<\/h2>\t\t<\/div>\n\t\t\t\t<\/div>\n\t\t\t\t<div class=\"elementor-element elementor-element-cc92d0a elementor-widget elementor-widget-text-editor\" data-id=\"cc92d0a\" data-element_type=\"widget\" data-widget_type=\"text-editor.default\">\n\t\t\t\t<div class=\"elementor-widget-container\">\n\t\t\t\t\t\t\t<p><span style=\"font-weight: 400;\">Der R\u00fcckschnitt von Str\u00e4uchern ist ein wichtiger Bestandteil in der ganzheitlichen Gartenpflege. <strong>Neben dem Schnitt sollten Sie auch andere Ma\u00dfnahmen wie D\u00fcngen, Bew\u00e4ssern und Unkrautbek\u00e4mpfung in Ihren Pflegeplan integrieren.<\/strong> Durch einen <strong>ausgewogenen R\u00fcckschnitt<\/strong> f\u00f6rdern Sie nicht nur das Wachstum der Pflanzen, sondern auch ihre <strong>Widerstandsf\u00e4higkeit gegen Krankheiten und Sch\u00e4dlinge<\/strong>. Ein gut gepflegter Garten wirkt nicht nur optisch ansprechend, sondern tr\u00e4gt auch zu einem gesunden Mikroklima bei. Besonders in Kombination mit einer regelm\u00e4\u00dfigen Bodenpflege und dem Einsatz von organischen <a href=\"https:\/\/www.garten-bronder-shop.com\/duenger-erde-pflanzenpflege-und-anzucht\/\">D\u00fcngemitteln<\/a> k\u00f6nnen Sie daf\u00fcr sorgen, dass Ihre Str\u00e4ucher Jahr f\u00fcr Jahr in voller Pracht erstrahlen.<\/span><\/p>\t\t\t\t\t\t<\/div>\n\t\t\t\t<\/div>\n\t\t\t\t<div class=\"elementor-element elementor-element-3d85414 elementor-widget elementor-widget-heading\" data-id=\"3d85414\" data-element_type=\"widget\" data-widget_type=\"heading.default\">\n\t\t\t\t<div class=\"elementor-widget-container\">\n\t\t\t<h2 class=\"elementor-heading-title elementor-size-default\">R\u00fcckschnitt entscheidend f\u00fcr gesunden Garten<\/h2>\t\t<\/div>\n\t\t\t\t<\/div>\n\t\t\t\t<div class=\"elementor-element elementor-element-f1a4ce7 elementor-widget elementor-widget-text-editor\" data-id=\"f1a4ce7\" data-element_type=\"widget\" data-widget_type=\"text-editor.default\">\n\t\t\t\t<div class=\"elementor-widget-container\">\n\t\t\t\t\t\t\t<p><span style=\"font-weight: 400;\">Der richtige Zeitpunkt und die passende Technik f\u00fcr den R\u00fcckschnitt der Str\u00e4ucher sind entscheidend f\u00fcr einen gesunden, sattgr\u00fcnen Garten. <strong>Ein fr\u00fchzeitiger Beginn im Jahr, idealerweise noch im Sp\u00e4twinter oder sehr fr\u00fchen Fr\u00fchling, bietet den Str\u00e4uchern optimale Bedingungen, um kr\u00e4ftige Triebe zu entwickeln und in der kommenden Saison \u00fcppig zu bl\u00fchen.<\/strong> Egal, ob Sie ein erfahrener G\u00e4rtner sind oder gerade erst beginnen, die Grundlagen des R\u00fcckschnitts zu erlernen &#8211; mit Geduld, den richtigen Techniken und einer kontinuierlichen Pflege wird Ihr <a href=\"https:\/\/www.garten-bronder-shop.com\/info\/garten-landschaftsbau.html\">Garten<\/a> zu einem Ort, an dem Sie sich entspannen und die Sch\u00f6nheit der Natur in vollen Z\u00fcgen genie\u00dfen k\u00f6nnen.<\/span><\/p>\t\t\t\t\t\t<\/div>\n\t\t\t\t<\/div>\n\t\t\t\t<div class=\"elementor-element elementor-element-235702c7 elementor-widget elementor-widget-post-info\" data-id=\"235702c7\" data-element_type=\"widget\" data-widget_type=\"post-info.default\">\n\t\t\t\t<div class=\"elementor-widget-container\">\n\t\t\t\t\t<ul class=\"elementor-inline-items elementor-icon-list-items elementor-post-info\">\n\t\t\t\t\t\t\t\t<li class=\"elementor-icon-list-item elementor-repeater-item-6da5e44 elementor-inline-item\" itemprop=\"author\">\n\t\t\t\t\t\t<a href=\"https:\/\/www.garten-bronder-shop.com\/ratgeber\/author\/datablue\/\">\n\t\t\t\t\t\t\t\t\t\t\t<span class=\"elementor-icon-list-icon\">\n\t\t\t\t\t\t\t\t<i aria-hidden=\"true\" class=\"fas fa-user\"><\/i>\t\t\t\t\t\t\t<\/span>\n\t\t\t\t\t\t\t\t\t<span class=\"elementor-icon-list-text elementor-post-info__item elementor-post-info__item--type-author\">\n\t\t\t\t\t\t\t\t\t\tGarten Bronder\t\t\t\t\t<\/span>\n\t\t\t\t\t\t\t\t\t<\/a>\n\t\t\t\t<\/li>\n\t\t\t\t<li class=\"elementor-icon-list-item elementor-repeater-item-cdb887c elementor-inline-item\" itemprop=\"datePublished\">\n\t\t\t\t\t\t<a href=\"https:\/\/www.garten-bronder-shop.com\/ratgeber\/2025\/04\/11\/\">\n\t\t\t\t\t\t\t\t\t\t\t<span class=\"elementor-icon-list-icon\">\n\t\t\t\t\t\t\t\t<i aria-hidden=\"true\" class=\"fas fa-calendar-alt\"><\/i>\t\t\t\t\t\t\t<\/span>\n\t\t\t\t\t\t\t\t\t<span class=\"elementor-icon-list-text elementor-post-info__item elementor-post-info__item--type-date\">\n\t\t\t\t\t\t\t\t\t\t11\/04\/2025\t\t\t\t\t<\/span>\n\t\t\t\t\t\t\t\t\t<\/a>\n\t\t\t\t<\/li>\n\t\t\t\t<\/ul>\n\t\t\t\t<\/div>\n\t\t\t\t<\/div>\n\t\t\t\t\t<\/div>\n\t\t<\/div>\n\t\t\t\t\t\t\t<\/div>\n\t\t<\/section>\n\t\t\t\t\t\t\t<\/div>\n\t\t","protected":false},"excerpt":{"rendered":"<p>Das Zur\u00fcckschneiden von Str\u00e4uchern ist ein wichtiger Bestandteil der Gartenpflege. Durch den richtigen R\u00fcckschnitt f\u00f6rdern Sie nicht nur das gesunde Wachstum, sondern erhalten auch die gew\u00fcnschte Form und Bl\u00fchkraft Ihrer Geh\u00f6lze. Doch wann welcher Strauch geschnitten werden sollte, h\u00e4ngt von verschiedenen Faktoren ab: von der jeweiligen Pflanzenart \u00fcber die Bl\u00fctezeit bis hin zu den individuellen [&hellip;]<\/p>\n","protected":false},"author":1,"featured_media":3748,"comment_status":"closed","ping_status":"open","sticky":false,"template":"","format":"standard","meta":{"footnotes":""},"categories":[13],"tags":[],"class_list":["post-3715","post","type-post","status-publish","format-standard","has-post-thumbnail","hentry","category-gartenpflanzen"],"yoast_head":"<!-- This site is optimized with the Yoast SEO plugin v19.14 - https:\/\/yoast.com\/wordpress\/plugins\/seo\/ -->\n<title>Welche Str\u00e4ucher Sie wann zur\u00fcckschneiden sollten und was es dabei zu beachten gibt - Garten Bronder Ratgeber<\/title>\n<meta name=\"robots\" content=\"index, follow, max-snippet:-1, max-image-preview:large, max-video-preview:-1\" \/>\n<link rel=\"canonical\" href=\"https:\/\/www.garten-bronder-shop.com\/ratgeber\/welche-straeucher-sie-wann-zurueckschneiden-sollten-und-was-es-dabei-zu-beachten-gibt\/\" \/>\n<meta property=\"og:locale\" content=\"de_DE\" \/>\n<meta property=\"og:type\" content=\"article\" \/>\n<meta property=\"og:title\" content=\"Welche Str\u00e4ucher Sie wann zur\u00fcckschneiden sollten und was es dabei zu beachten gibt - Garten Bronder Ratgeber\" \/>\n<meta property=\"og:description\" content=\"Das Zur\u00fcckschneiden von Str\u00e4uchern ist ein wichtiger Bestandteil der Gartenpflege. Durch den richtigen R\u00fcckschnitt f\u00f6rdern Sie nicht nur das gesunde Wachstum, sondern erhalten auch die gew\u00fcnschte Form und Bl\u00fchkraft Ihrer Geh\u00f6lze. Doch wann welcher Strauch geschnitten werden sollte, h\u00e4ngt von verschiedenen Faktoren ab: von der jeweiligen Pflanzenart \u00fcber die Bl\u00fctezeit bis hin zu den individuellen [&hellip;]\" \/>\n<meta property=\"og:url\" content=\"https:\/\/www.garten-bronder-shop.com\/ratgeber\/welche-straeucher-sie-wann-zurueckschneiden-sollten-und-was-es-dabei-zu-beachten-gibt\/\" \/>\n<meta property=\"og:site_name\" content=\"Garten Bronder Ratgeber\" \/>\n<meta property=\"article:published_time\" content=\"2025-04-11T07:15:42+00:00\" \/>\n<meta property=\"article:modified_time\" content=\"2025-03-24T09:30:14+00:00\" \/>\n<meta property=\"og:image\" content=\"https:\/\/www.garten-bronder-shop.com\/ratgeber\/wp-content\/uploads\/2025\/04\/Welche-Straeucher-Sie-wann-zurueckschneiden-sollten-und-was-es-dabei-zu-beachten-gibt.jpg\" \/>\n\t<meta property=\"og:image:width\" content=\"1120\" \/>\n\t<meta property=\"og:image:height\" content=\"400\" \/>\n\t<meta property=\"og:image:type\" content=\"image\/jpeg\" \/>\n<meta name=\"author\" content=\"Garten Bronder\" \/>\n<meta name=\"twitter:card\" content=\"summary_large_image\" \/>\n<meta name=\"twitter:label1\" content=\"Verfasst von\" \/>\n\t<meta name=\"twitter:data1\" content=\"Garten Bronder\" \/>\n\t<meta name=\"twitter:label2\" content=\"Gesch\u00e4tzte Lesezeit\" \/>\n\t<meta name=\"twitter:data2\" content=\"7\u00a0Minuten\" \/>\n<script type=\"application\/ld+json\" class=\"yoast-schema-graph\">{\"@context\":\"https:\/\/schema.org\",\"@graph\":[{\"@type\":\"Article\",\"@id\":\"https:\/\/www.garten-bronder-shop.com\/ratgeber\/welche-straeucher-sie-wann-zurueckschneiden-sollten-und-was-es-dabei-zu-beachten-gibt\/#article\",\"isPartOf\":{\"@id\":\"https:\/\/www.garten-bronder-shop.com\/ratgeber\/welche-straeucher-sie-wann-zurueckschneiden-sollten-und-was-es-dabei-zu-beachten-gibt\/\"},\"author\":{\"name\":\"Garten Bronder\",\"@id\":\"https:\/\/www.garten-bronder-shop.com\/ratgeber\/#\/schema\/person\/2f66915c1587442549c77ae603e2b258\"},\"headline\":\"Welche Str\u00e4ucher Sie wann zur\u00fcckschneiden sollten und was es dabei zu beachten gibt\",\"datePublished\":\"2025-04-11T07:15:42+00:00\",\"dateModified\":\"2025-03-24T09:30:14+00:00\",\"mainEntityOfPage\":{\"@id\":\"https:\/\/www.garten-bronder-shop.com\/ratgeber\/welche-straeucher-sie-wann-zurueckschneiden-sollten-und-was-es-dabei-zu-beachten-gibt\/\"},\"wordCount\":1437,\"publisher\":{\"@id\":\"https:\/\/www.garten-bronder-shop.com\/ratgeber\/#organization\"},\"articleSection\":[\"Gartenpflanzen\"],\"inLanguage\":\"de\"},{\"@type\":\"WebPage\",\"@id\":\"https:\/\/www.garten-bronder-shop.com\/ratgeber\/welche-straeucher-sie-wann-zurueckschneiden-sollten-und-was-es-dabei-zu-beachten-gibt\/\",\"url\":\"https:\/\/www.garten-bronder-shop.com\/ratgeber\/welche-straeucher-sie-wann-zurueckschneiden-sollten-und-was-es-dabei-zu-beachten-gibt\/\",\"name\":\"Welche Str\u00e4ucher Sie wann zur\u00fcckschneiden sollten und was es dabei zu beachten gibt - Garten Bronder Ratgeber\",\"isPartOf\":{\"@id\":\"https:\/\/www.garten-bronder-shop.com\/ratgeber\/#website\"},\"datePublished\":\"2025-04-11T07:15:42+00:00\",\"dateModified\":\"2025-03-24T09:30:14+00:00\",\"breadcrumb\":{\"@id\":\"https:\/\/www.garten-bronder-shop.com\/ratgeber\/welche-straeucher-sie-wann-zurueckschneiden-sollten-und-was-es-dabei-zu-beachten-gibt\/#breadcrumb\"},\"inLanguage\":\"de\",\"potentialAction\":[{\"@type\":\"ReadAction\",\"target\":[\"https:\/\/www.garten-bronder-shop.com\/ratgeber\/welche-straeucher-sie-wann-zurueckschneiden-sollten-und-was-es-dabei-zu-beachten-gibt\/\"]}]},{\"@type\":\"BreadcrumbList\",\"@id\":\"https:\/\/www.garten-bronder-shop.com\/ratgeber\/welche-straeucher-sie-wann-zurueckschneiden-sollten-und-was-es-dabei-zu-beachten-gibt\/#breadcrumb\",\"itemListElement\":[{\"@type\":\"ListItem\",\"position\":1,\"name\":\"Startseite\",\"item\":\"https:\/\/www.garten-bronder-shop.com\/ratgeber\/\"},{\"@type\":\"ListItem\",\"position\":2,\"name\":\"Welche Str\u00e4ucher Sie wann zur\u00fcckschneiden sollten und was es dabei zu beachten gibt\"}]},{\"@type\":\"WebSite\",\"@id\":\"https:\/\/www.garten-bronder-shop.com\/ratgeber\/#website\",\"url\":\"https:\/\/www.garten-bronder-shop.com\/ratgeber\/\",\"name\":\"Garten Bronder Ratgeber\",\"description\":\"Garten Bronder Ratgeber\",\"publisher\":{\"@id\":\"https:\/\/www.garten-bronder-shop.com\/ratgeber\/#organization\"},\"potentialAction\":[{\"@type\":\"SearchAction\",\"target\":{\"@type\":\"EntryPoint\",\"urlTemplate\":\"https:\/\/www.garten-bronder-shop.com\/ratgeber\/?s={search_term_string}\"},\"query-input\":\"required name=search_term_string\"}],\"inLanguage\":\"de\"},{\"@type\":\"Organization\",\"@id\":\"https:\/\/www.garten-bronder-shop.com\/ratgeber\/#organization\",\"name\":\"Garten Bronder Ratgeber\",\"url\":\"https:\/\/www.garten-bronder-shop.com\/ratgeber\/\",\"logo\":{\"@type\":\"ImageObject\",\"inLanguage\":\"de\",\"@id\":\"https:\/\/www.garten-bronder-shop.com\/ratgeber\/#\/schema\/logo\/image\/\",\"url\":\"https:\/\/www.garten-bronder-shop.com\/ratgeber\/wp-content\/uploads\/2021\/05\/logo_garten-bronder.png\",\"contentUrl\":\"https:\/\/www.garten-bronder-shop.com\/ratgeber\/wp-content\/uploads\/2021\/05\/logo_garten-bronder.png\",\"width\":330,\"height\":64,\"caption\":\"Garten Bronder Ratgeber\"},\"image\":{\"@id\":\"https:\/\/www.garten-bronder-shop.com\/ratgeber\/#\/schema\/logo\/image\/\"}},{\"@type\":\"Person\",\"@id\":\"https:\/\/www.garten-bronder-shop.com\/ratgeber\/#\/schema\/person\/2f66915c1587442549c77ae603e2b258\",\"name\":\"Garten Bronder\",\"sameAs\":[\"https:\/\/www.garten-bronder-shop.com\/ratgeber\"],\"url\":\"https:\/\/www.garten-bronder-shop.com\/ratgeber\/author\/datablue\/\"}]}<\/script>\n<!-- \/ Yoast SEO plugin. -->","yoast_head_json":{"title":"Welche Str\u00e4ucher Sie wann zur\u00fcckschneiden sollten und was es dabei zu beachten gibt - Garten Bronder Ratgeber","robots":{"index":"index","follow":"follow","max-snippet":"max-snippet:-1","max-image-preview":"max-image-preview:large","max-video-preview":"max-video-preview:-1"},"canonical":"https:\/\/www.garten-bronder-shop.com\/ratgeber\/welche-straeucher-sie-wann-zurueckschneiden-sollten-und-was-es-dabei-zu-beachten-gibt\/","og_locale":"de_DE","og_type":"article","og_title":"Welche Str\u00e4ucher Sie wann zur\u00fcckschneiden sollten und was es dabei zu beachten gibt - Garten Bronder Ratgeber","og_description":"Das Zur\u00fcckschneiden von Str\u00e4uchern ist ein wichtiger Bestandteil der Gartenpflege. Durch den richtigen R\u00fcckschnitt f\u00f6rdern Sie nicht nur das gesunde Wachstum, sondern erhalten auch die gew\u00fcnschte Form und Bl\u00fchkraft Ihrer Geh\u00f6lze. Doch wann welcher Strauch geschnitten werden sollte, h\u00e4ngt von verschiedenen Faktoren ab: von der jeweiligen Pflanzenart \u00fcber die Bl\u00fctezeit bis hin zu den individuellen [&hellip;]","og_url":"https:\/\/www.garten-bronder-shop.com\/ratgeber\/welche-straeucher-sie-wann-zurueckschneiden-sollten-und-was-es-dabei-zu-beachten-gibt\/","og_site_name":"Garten Bronder Ratgeber","article_published_time":"2025-04-11T07:15:42+00:00","article_modified_time":"2025-03-24T09:30:14+00:00","og_image":[{"width":1120,"height":400,"url":"https:\/\/www.garten-bronder-shop.com\/ratgeber\/wp-content\/uploads\/2025\/04\/Welche-Straeucher-Sie-wann-zurueckschneiden-sollten-und-was-es-dabei-zu-beachten-gibt.jpg","type":"image\/jpeg"}],"author":"Garten Bronder","twitter_card":"summary_large_image","twitter_misc":{"Verfasst von":"Garten Bronder","Gesch\u00e4tzte Lesezeit":"7\u00a0Minuten"},"schema":{"@context":"https:\/\/schema.org","@graph":[{"@type":"Article","@id":"https:\/\/www.garten-bronder-shop.com\/ratgeber\/welche-straeucher-sie-wann-zurueckschneiden-sollten-und-was-es-dabei-zu-beachten-gibt\/#article","isPartOf":{"@id":"https:\/\/www.garten-bronder-shop.com\/ratgeber\/welche-straeucher-sie-wann-zurueckschneiden-sollten-und-was-es-dabei-zu-beachten-gibt\/"},"author":{"name":"Garten Bronder","@id":"https:\/\/www.garten-bronder-shop.com\/ratgeber\/#\/schema\/person\/2f66915c1587442549c77ae603e2b258"},"headline":"Welche Str\u00e4ucher Sie wann zur\u00fcckschneiden sollten und was es dabei zu beachten gibt","datePublished":"2025-04-11T07:15:42+00:00","dateModified":"2025-03-24T09:30:14+00:00","mainEntityOfPage":{"@id":"https:\/\/www.garten-bronder-shop.com\/ratgeber\/welche-straeucher-sie-wann-zurueckschneiden-sollten-und-was-es-dabei-zu-beachten-gibt\/"},"wordCount":1437,"publisher":{"@id":"https:\/\/www.garten-bronder-shop.com\/ratgeber\/#organization"},"articleSection":["Gartenpflanzen"],"inLanguage":"de"},{"@type":"WebPage","@id":"https:\/\/www.garten-bronder-shop.com\/ratgeber\/welche-straeucher-sie-wann-zurueckschneiden-sollten-und-was-es-dabei-zu-beachten-gibt\/","url":"https:\/\/www.garten-bronder-shop.com\/ratgeber\/welche-straeucher-sie-wann-zurueckschneiden-sollten-und-was-es-dabei-zu-beachten-gibt\/","name":"Welche Str\u00e4ucher Sie wann zur\u00fcckschneiden sollten und was es dabei zu beachten gibt - Garten Bronder Ratgeber","isPartOf":{"@id":"https:\/\/www.garten-bronder-shop.com\/ratgeber\/#website"},"datePublished":"2025-04-11T07:15:42+00:00","dateModified":"2025-03-24T09:30:14+00:00","breadcrumb":{"@id":"https:\/\/www.garten-bronder-shop.com\/ratgeber\/welche-straeucher-sie-wann-zurueckschneiden-sollten-und-was-es-dabei-zu-beachten-gibt\/#breadcrumb"},"inLanguage":"de","potentialAction":[{"@type":"ReadAction","target":["https:\/\/www.garten-bronder-shop.com\/ratgeber\/welche-straeucher-sie-wann-zurueckschneiden-sollten-und-was-es-dabei-zu-beachten-gibt\/"]}]},{"@type":"BreadcrumbList","@id":"https:\/\/www.garten-bronder-shop.com\/ratgeber\/welche-straeucher-sie-wann-zurueckschneiden-sollten-und-was-es-dabei-zu-beachten-gibt\/#breadcrumb","itemListElement":[{"@type":"ListItem","position":1,"name":"Startseite","item":"https:\/\/www.garten-bronder-shop.com\/ratgeber\/"},{"@type":"ListItem","position":2,"name":"Welche Str\u00e4ucher Sie wann zur\u00fcckschneiden sollten und was es dabei zu beachten gibt"}]},{"@type":"WebSite","@id":"https:\/\/www.garten-bronder-shop.com\/ratgeber\/#website","url":"https:\/\/www.garten-bronder-shop.com\/ratgeber\/","name":"Garten Bronder Ratgeber","description":"Garten Bronder Ratgeber","publisher":{"@id":"https:\/\/www.garten-bronder-shop.com\/ratgeber\/#organization"},"potentialAction":[{"@type":"SearchAction","target":{"@type":"EntryPoint","urlTemplate":"https:\/\/www.garten-bronder-shop.com\/ratgeber\/?s={search_term_string}"},"query-input":"required name=search_term_string"}],"inLanguage":"de"},{"@type":"Organization","@id":"https:\/\/www.garten-bronder-shop.com\/ratgeber\/#organization","name":"Garten Bronder Ratgeber","url":"https:\/\/www.garten-bronder-shop.com\/ratgeber\/","logo":{"@type":"ImageObject","inLanguage":"de","@id":"https:\/\/www.garten-bronder-shop.com\/ratgeber\/#\/schema\/logo\/image\/","url":"https:\/\/www.garten-bronder-shop.com\/ratgeber\/wp-content\/uploads\/2021\/05\/logo_garten-bronder.png","contentUrl":"https:\/\/www.garten-bronder-shop.com\/ratgeber\/wp-content\/uploads\/2021\/05\/logo_garten-bronder.png","width":330,"height":64,"caption":"Garten Bronder Ratgeber"},"image":{"@id":"https:\/\/www.garten-bronder-shop.com\/ratgeber\/#\/schema\/logo\/image\/"}},{"@type":"Person","@id":"https:\/\/www.garten-bronder-shop.com\/ratgeber\/#\/schema\/person\/2f66915c1587442549c77ae603e2b258","name":"Garten Bronder","sameAs":["https:\/\/www.garten-bronder-shop.com\/ratgeber"],"url":"https:\/\/www.garten-bronder-shop.com\/ratgeber\/author\/datablue\/"}]}},"_links":{"self":[{"href":"https:\/\/www.garten-bronder-shop.com\/ratgeber\/wp-json\/wp\/v2\/posts\/3715","targetHints":{"allow":["GET"]}}],"collection":[{"href":"https:\/\/www.garten-bronder-shop.com\/ratgeber\/wp-json\/wp\/v2\/posts"}],"about":[{"href":"https:\/\/www.garten-bronder-shop.com\/ratgeber\/wp-json\/wp\/v2\/types\/post"}],"author":[{"embeddable":true,"href":"https:\/\/www.garten-bronder-shop.com\/ratgeber\/wp-json\/wp\/v2\/users\/1"}],"replies":[{"embeddable":true,"href":"https:\/\/www.garten-bronder-shop.com\/ratgeber\/wp-json\/wp\/v2\/comments?post=3715"}],"version-history":[{"count":33,"href":"https:\/\/www.garten-bronder-shop.com\/ratgeber\/wp-json\/wp\/v2\/posts\/3715\/revisions"}],"predecessor-version":[{"id":3749,"href":"https:\/\/www.garten-bronder-shop.com\/ratgeber\/wp-json\/wp\/v2\/posts\/3715\/revisions\/3749"}],"wp:featuredmedia":[{"embeddable":true,"href":"https:\/\/www.garten-bronder-shop.com\/ratgeber\/wp-json\/wp\/v2\/media\/3748"}],"wp:attachment":[{"href":"https:\/\/www.garten-bronder-shop.com\/ratgeber\/wp-json\/wp\/v2\/media?parent=3715"}],"wp:term":[{"taxonomy":"category","embeddable":true,"href":"https:\/\/www.garten-bronder-shop.com\/ratgeber\/wp-json\/wp\/v2\/categories?post=3715"},{"taxonomy":"post_tag","embeddable":true,"href":"https:\/\/www.garten-bronder-shop.com\/ratgeber\/wp-json\/wp\/v2\/tags?post=3715"}],"curies":[{"name":"wp","href":"https:\/\/api.w.org\/{rel}","templated":true}]}}